{"id":4553,"date":"2024-03-22T10:50:17","date_gmt":"2024-03-22T09:50:17","guid":{"rendered":"https:\/\/www.zpm-idrija.si\/?p=4553"},"modified":"2024-03-22T10:50:17","modified_gmt":"2024-03-22T09:50:17","slug":"zpm-idrija-z-novim-vodstvom","status":"publish","type":"post","link":"https:\/\/www.zpm-idrija.si\/?p=4553","title":{"rendered":"ZPM Idrija z novim vodstvom"},"content":{"rendered":"\n<p>V \u010detrtek, 21. marca je v sejni sobi Ob\u010dine Idrija potekala redna letna skup\u0161\u010dina Zveze prijateljev mladine Idrija. <strong>Tokratno sre\u010danje je bilo nekaj prav posebnega, saj je svoj 3. mandat zaklju\u010dila Zdenka \u0160turm, dosedanja predsednica Zveze prijateljev mladine Idrija, ki je po dvanajstih letih zavzetega dela na \u010delu organizacije predsedni\u0161ko funkcijo predala v roke Anji Velikonja.<\/strong><\/p>\n\n\n\n<figure class=\"wp-block-image size-large\"><img loading=\"lazy\" decoding=\"async\" width=\"1024\" height=\"912\" src=\"https:\/\/www.zpm-idrija.si\/wp-content\/uploads\/2024\/03\/IMG_20240321_183755-1024x912.jpg\" alt=\"\" class=\"wp-image-4554\" srcset=\"https:\/\/www.zpm-idrija.si\/wp-content\/uploads\/2024\/03\/IMG_20240321_183755-1024x912.jpg 1024w, https:\/\/www.zpm-idrija.si\/wp-content\/uploads\/2024\/03\/IMG_20240321_183755-300x267.jpg 300w, https:\/\/www.zpm-idrija.si\/wp-content\/uploads\/2024\/03\/IMG_20240321_183755-768x684.jpg 768w, https:\/\/www.zpm-idrija.si\/wp-content\/uploads\/2024\/03\/IMG_20240321_183755-1536x1369.jpg 1536w, https:\/\/www.zpm-idrija.si\/wp-content\/uploads\/2024\/03\/IMG_20240321_183755-2048x1825.jpg 2048w\" sizes=\"auto, (max-width: 767px) 89vw, (max-width: 1000px) 54vw, (max-width: 1071px) 543px, 580px\" \/><\/figure>\n\n\n\n<p>V prvem delu sre\u010danja so zbrani \u010dlani obravnavali vsebinsko in finan\u010dno poro\u010dilo za leto 2023 s katerim so se seznanili z opravljenim delom v preteklem letu in se pogovorili o na\u010drtih za nadaljnje delo. Lansko leto so pri zvezi izvedli vse planirane aktivnosti, nara\u0161\u010dajo\u010de \u0161tevilo vklju\u010denih otrok pa pri\u010da o kvaliteti opravljenega dela in velikem zaupanju star\u0161ev ter donatorjev v programe zveze in prav tako v ljudi, ki programe vodijo. Tekom razprave so se dotaknili \u0161e nekaterih pere\u010dih tem s podro\u010dja delovanja organizacije, kot je pomanjkanje prostovoljcev, potreba po ve\u010djem vklju\u010devanju otrok priseljencev, subvencioniranje poletnih letovanj ter pomen posameznih aktivnosti za du\u0161evno zdravje otrok. Skup\u0161\u010dina je spregovorila tudi o organizaciji dogodka ob 70. obletnici ustanovitve Zveze prijateljev mladine Idrija, ki jo praznujejo v leto\u0161njem letu.<\/p>\n\n\n\n<p>V nadaljevanju so sledile javne volitve predsednice in podpredsednice Zveze prijateljev mladine Idrija. Skup\u0161\u010dina je na mesto predsednice na novo izvolila dosedanjo podpredsednico <strong>Anjo Velikonja<\/strong>, funkcijo podpredsednice pa so podelili <strong>Tini Svetlik<\/strong>. Ob predaji mandata so se \u010dlani iskreno zahvalili dosedanji predsednici <strong>Zdenki \u0160turm<\/strong> za opravljeno delo. Dolgoletna \u010dlana zveze in njena predhodnika <strong>Nace Breitenberger<\/strong> in <strong>Lidija Kleindienst<\/strong> sta v nekaj stavkih povzela neizbrisljiv pe\u010dat, ki ga je na Zvezi prijateljev mladine Idrija pustilo delo Zdenke \u0160turm tako tekom predsedovanja, kot tudi \u017ee prej, v klju\u010dnih letih oblikovanja organizacije kot jo poznamo danes.<\/p>\n\n\n\n<p>Sre\u010danje je zaklju\u010dila novo izvoljena predsednica Anja Velikonja, ki se je zbranim zahvalila za izkazano zaupanje in poudarila, da se dobro zaveda odgovornosti, ki ji je bila zaupana. Organizacijo prejema v dobri kondiciji, z uveljavljenim mestom v lokalnem okolju, v svojem predsedni\u0161kem mandatu pa se bo po svojih najbolj\u0161ih mo\u010deh trudila za nadaljnjo rast in razvoj organizacije.<\/p>\n","protected":false},"excerpt":{"rendered":"<p>V \u010detrtek, 21. marca je v sejni sobi Ob\u010dine Idrija potekala redna letna skup\u0161\u010dina Zveze prijateljev mladine Idrija. Tokratno sre\u010danje je bilo nekaj prav posebnega, saj je svoj 3. mandat zaklju\u010dila Zdenka \u0160turm, dosedanja predsednica Zveze prijateljev mladine Idrija, ki je po dvanajstih letih zavzetega dela na \u010delu organizacije predsedni\u0161ko funkcijo predala v roke Anji &hellip; <\/p>\n<p class=\"link-more\"><a href=\"https:\/\/www.zpm-idrija.si\/?p=4553\" class=\"more-link\">Preberi ve\u010d<span class=\"screen-reader-text\"> &#8220;ZPM Idrija z novim vodstvom&#8221;<\/span><\/a><\/p>\n","protected":false},"author":1,"featured_media":0,"comment_status":"open","ping_status":"open","sticky":false,"template":"","format":"standard","meta":{"footnotes":""},"categories":[1],"tags":[],"class_list":["post-4553","post","type-post","status-publish","format-standard","hentry","category-nekategorizirano"],"_links":{"self":[{"href":"https:\/\/www.zpm-idrija.si\/index.php?rest_route=\/wp\/v2\/posts\/4553","targetHints":{"allow":["GET"]}}],"collection":[{"href":"https:\/\/www.zpm-idrija.si\/index.php?rest_route=\/wp\/v2\/posts"}],"about":[{"href":"https:\/\/www.zpm-idrija.si\/index.php?rest_route=\/wp\/v2\/types\/post"}],"author":[{"embeddable":true,"href":"https:\/\/www.zpm-idrija.si\/index.php?rest_route=\/wp\/v2\/users\/1"}],"replies":[{"embeddable":true,"href":"https:\/\/www.zpm-idrija.si\/index.php?rest_route=%2Fwp%2Fv2%2Fcomments&post=4553"}],"version-history":[{"count":1,"href":"https:\/\/www.zpm-idrija.si\/index.php?rest_route=\/wp\/v2\/posts\/4553\/revisions"}],"predecessor-version":[{"id":4555,"href":"https:\/\/www.zpm-idrija.si\/index.php?rest_route=\/wp\/v2\/posts\/4553\/revisions\/4555"}],"wp:attachment":[{"href":"https:\/\/www.zpm-idrija.si\/index.php?rest_route=%2Fwp%2Fv2%2Fmedia&parent=4553"}],"wp:term":[{"taxonomy":"category","embeddable":true,"href":"https:\/\/www.zpm-idrija.si\/index.php?rest_route=%2Fwp%2Fv2%2Fcategories&post=4553"},{"taxonomy":"post_tag","embeddable":true,"href":"https:\/\/www.zpm-idrija.si\/index.php?rest_route=%2Fwp%2Fv2%2Ftags&post=4553"}],"curies":[{"name":"wp","href":"https:\/\/api.w.org\/{rel}","templated":true}]}}