{"id":4547,"date":"2024-03-12T12:50:31","date_gmt":"2024-03-12T11:50:31","guid":{"rendered":"https:\/\/www.zpm-idrija.si\/?p=4547"},"modified":"2024-03-12T12:52:04","modified_gmt":"2024-03-12T11:52:04","slug":"34-medobcinski-otroski-parlament","status":"publish","type":"post","link":"https:\/\/www.zpm-idrija.si\/?p=4547","title":{"rendered":"34. medob\u010dinski otro\u0161ki parlament"},"content":{"rendered":"\n<p>Danes so v sejni sobi Ob\u010dine Idrija zasedali mladi parlamentarci in parlamentarke Osnovnih \u0161ol Idrija, Sp. Idrija, \u010crni Vrh in Cerkno. \u017de drugo zaporedno leto so razpravljali na temo Du\u0161evno zdravje otrok in mladih.<\/p>\n\n\n\n<p>V uvodni rubriki &#8220;Kje pa vas \u010develj \u017euli&#8221; so neposredno nagovorili oba \u017eupana, jima povedali kje v lokalnem okolju vidijo te\u017eave v svojem vsakdanu in tudi predlagali nekatere re\u0161itve. \u017dupana sta se jim prijazno posvetila in jim odgovorila na prav vsak njihov \u017eulj ter jih spodbudila, da jima lahko predloge podajo tudi med letom.<\/p>\n\n\n\n<p>Mladi parlamentarci so nato predstavili med letom izvedene projekte in zaklju\u010dke \u0161olskih parlamentov. Sledilo je delo po skupinah in razprava. Na koncu so predlagali \u0161e nove teme za prihodnje \u0161olsko leto in izvolili kdo jih bo zastopal na regijskem in nacionalnem otro\u0161kem parlamentu.<a href=\"https:\/\/www.facebook.com\/photo\/?fbid=820681570097177&amp;set=a.669477348550934&amp;__cft__[0]=AZXhDAZH2YBcvYVe2QZhPM2n5807YndPRxu99vxJcq1KrRFGkdmICmmrFr3PmnmVyu4MCD14lw46v8Lu1UjT5hlx492_7nIbo0qqNQ4A3gm5psDl9y84DN2G5cQGY3p6-L0&amp;__tn__=EH-R\"><\/a><\/p>\n\n\n\n<figure class=\"wp-block-image\"><a href=\"https:\/\/www.facebook.com\/photo\/?fbid=820681570097177&amp;set=a.669477348550934&amp;__cft__[0]=AZXhDAZH2YBcvYVe2QZhPM2n5807YndPRxu99vxJcq1KrRFGkdmICmmrFr3PmnmVyu4MCD14lw46v8Lu1UjT5hlx492_7nIbo0qqNQ4A3gm5psDl9y84DN2G5cQGY3p6-L0&amp;__tn__=EH-R\"><img loading=\"lazy\" decoding=\"async\" width=\"720\" height=\"540\" src=\"https:\/\/www.zpm-idrija.si\/wp-content\/uploads\/2024\/03\/image.jpeg\" alt=\"Morda je slika naslednjega: 14 oseb\" class=\"wp-image-4548\" srcset=\"https:\/\/www.zpm-idrija.si\/wp-content\/uploads\/2024\/03\/image.jpeg 720w, https:\/\/www.zpm-idrija.si\/wp-content\/uploads\/2024\/03\/image-300x225.jpeg 300w\" sizes=\"auto, (max-width: 720px) 100vw, 720px\" \/><\/a><\/figure>\n\n\n\n<p><\/p>\n\n\n\n<p><a href=\"https:\/\/www.facebook.com\/ad_center\/create\/boostpost\/?entry_point=www_profile_plus_newsfeed&amp;page_id=139071169570878&amp;target_id=820682000097134&amp;__cft__[0]=AZXhDAZH2YBcvYVe2QZhPM2n5807YndPRxu99vxJcq1KrRFGkdmICmmrFr3PmnmVyu4MCD14lw46v8Lu1UjT5hlx492_7nIbo0qqNQ4A3gm5psDl9y84DN2G5cQGY3p6-L0&amp;__tn__=*W-R\"><\/a><\/p>\n\n\n\n<p><\/p>\n\n\n\n<p><a href=\"https:\/\/www.facebook.com\/ZPMSlovenije?__cft__[0]=AZWdwLbRC6w2lwsvvJpLiBnXoHJRupO0U7x-jFi1MkE8BSONeW-guoq6fdFYA3neoBBZv_OMJvOJODeGD1sDWMi7UGAu21W_64UfN0NPfaYfD8zdTg-IIx27Oyyt3Bx2JSekh0d89jhEvnE2KgVKygLlWzUo_jPHlt5E5PLXrGI-G9JIB4ur2kH3KWV57aIYjIw&amp;__tn__=%3C%2CP-R\"><\/a><\/p>\n\n\n\n<p><a href=\"https:\/\/www.facebook.com\/ZPMSlovenije?__cft__[0]=AZWdwLbRC6w2lwsvvJpLiBnXoHJRupO0U7x-jFi1MkE8BSONeW-guoq6fdFYA3neoBBZv_OMJvOJODeGD1sDWMi7UGAu21W_64UfN0NPfaYfD8zdTg-IIx27Oyyt3Bx2JSekh0d89jhEvnE2KgVKygLlWzUo_jPHlt5E5PLXrGI-G9JIB4ur2kH3KWV57aIYjIw&amp;__tn__=%3C%2CP-R\"><\/a><\/p>\n","protected":false},"excerpt":{"rendered":"<p>Danes so v sejni sobi Ob\u010dine Idrija zasedali mladi parlamentarci in parlamentarke Osnovnih \u0161ol Idrija, Sp. Idrija, \u010crni Vrh in Cerkno. \u017de drugo zaporedno leto so razpravljali na temo Du\u0161evno zdravje otrok in mladih. V uvodni rubriki &#8220;Kje pa vas \u010develj \u017euli&#8221; so neposredno nagovorili oba \u017eupana, jima povedali kje v lokalnem okolju vidijo te\u017eave &hellip; <\/p>\n<p class=\"link-more\"><a href=\"https:\/\/www.zpm-idrija.si\/?p=4547\" class=\"more-link\">Preberi ve\u010d<span class=\"screen-reader-text\"> &#8220;34. medob\u010dinski otro\u0161ki parlament&#8221;<\/span><\/a><\/p>\n","protected":false},"author":1,"featured_media":0,"comment_status":"open","ping_status":"open","sticky":false,"template":"","format":"standard","meta":{"footnotes":""},"categories":[1],"tags":[],"class_list":["post-4547","post","type-post","status-publish","format-standard","hentry","category-nekategorizirano"],"_links":{"self":[{"href":"https:\/\/www.zpm-idrija.si\/index.php?rest_route=\/wp\/v2\/posts\/4547","targetHints":{"allow":["GET"]}}],"collection":[{"href":"https:\/\/www.zpm-idrija.si\/index.php?rest_route=\/wp\/v2\/posts"}],"about":[{"href":"https:\/\/www.zpm-idrija.si\/index.php?rest_route=\/wp\/v2\/types\/post"}],"author":[{"embeddable":true,"href":"https:\/\/www.zpm-idrija.si\/index.php?rest_route=\/wp\/v2\/users\/1"}],"replies":[{"embeddable":true,"href":"https:\/\/www.zpm-idrija.si\/index.php?rest_route=%2Fwp%2Fv2%2Fcomments&post=4547"}],"version-history":[{"count":3,"href":"https:\/\/www.zpm-idrija.si\/index.php?rest_route=\/wp\/v2\/posts\/4547\/revisions"}],"predecessor-version":[{"id":4551,"href":"https:\/\/www.zpm-idrija.si\/index.php?rest_route=\/wp\/v2\/posts\/4547\/revisions\/4551"}],"wp:attachment":[{"href":"https:\/\/www.zpm-idrija.si\/index.php?rest_route=%2Fwp%2Fv2%2Fmedia&parent=4547"}],"wp:term":[{"taxonomy":"category","embeddable":true,"href":"https:\/\/www.zpm-idrija.si\/index.php?rest_route=%2Fwp%2Fv2%2Fcategories&post=4547"},{"taxonomy":"post_tag","embeddable":true,"href":"https:\/\/www.zpm-idrija.si\/index.php?rest_route=%2Fwp%2Fv2%2Ftags&post=4547"}],"curies":[{"name":"wp","href":"https:\/\/api.w.org\/{rel}","templated":true}]}}