{"id":4477,"date":"2023-10-04T09:32:01","date_gmt":"2023-10-04T08:32:01","guid":{"rendered":"https:\/\/www.zpm-idrija.si\/?p=4477"},"modified":"2023-10-04T09:32:01","modified_gmt":"2023-10-04T08:32:01","slug":"teden-otroka-3","status":"publish","type":"post","link":"https:\/\/www.zpm-idrija.si\/?p=4477","title":{"rendered":"Teden otroka\u00ae"},"content":{"rendered":"\n<p><strong>Teden otroka\u00ae je program Zveze prijateljev mladine Slovenije \u017ee od leta 1954. Besedna zveza \u201cteden otroka\u201d je za\u0161\u010ditena \u017ee od leta 2011 in se zapi\u0161e z veliko za\u010detnico Teden otroka\u00ae. V leto\u0161njem letu poteka od 2. do 8. oktobra in nosi naslov \u00bbZakaji in zatoji radovednosti\u00ab.<\/strong><\/p>\n\n\n\n<p>Kot so zapisali na Zveza prijateljev mladine Slovenije &#8211; ZPMS Radovednost pomeni zanimanje za razli\u010dne stvari. Vodi nas k odkrivanju sveta okoli nas in raziskovanju znanja. Ko smo radovedni, se \u201caktiviramo\u201d in za\u010dnemo raziskovati tisto, kar nas zanima. Z radovednostjo napredujemo, prihajamo do novega znanja, novih izku\u0161enj in spoznanj. Otroci ka\u017eejo radovednost s spra\u0161evanjem ter \u017eeljo po odkrivanju ne\u010desa novega. Otroci so radovedni do vsega, kar po\u010dnejo, kar opazujejo. Skozi igrivo raziskovanje zadovoljijo svojo radovednost in jo na ta na\u010din razvijajo. Otroci niso zaznamovani s predsodki, domnevami ali zgodovinskim okvirom, ki lahko razblini to, kar opazujejo in spoznavajo. Radovednost pomaga otrokom odkrivati in razumeti svet. Najpogostej\u0161e otro\u0161ko vpra\u0161anje je \u201czakaj &#8230;\u201d, temu pa sledi odgovor: \u201czato &#8230;\u201d. In zato tudi tak\u0161en naslov leto\u0161nje osrednje teme.<\/p>\n\n\n\n<p><strong>V leto\u0161nji poslanici dr. Miha Kos, ambasador Tedna otroka 2023, o radovednosti pravi takole:<\/strong><\/p>\n\n\n\n<p>\u201cBrez radovednosti \u010dlove\u0161tvo ne bi pre\u017eivelo. Radovednost rodi ustvarjalnost, ta pa naprej inovativnost in podjetni\u0161tvo. Vendar to ne gre \u010disto samo od sebe. Potrebno je vlagati energijo, ki se ji re\u010de: \u201cUSTVARJANJE VARNEGA OKOLJA ZA DELANJE NAPAK\u201d! Lastne napake so najbolj\u0161a \u0161ola. Na lastnih napakah se u\u010dimo. Na lastnih \u2013 ne na tujih. Zato je tako pomembno, da napake dopu\u0161\u010damo, jih nagrajujemo in nikakor ne kaznujemo. Dopu\u0161\u010danje napak pomeni spodbujanje radovednosti, ustvarjalnosti in u\u010denja. Kaznovanje napak pomeni ubijanje radovednosti. Einstein je dejal: \u201cKdor \u0161e nikoli ni naredil napake, \u0161e nikoli ni ustvaril ni\u010desar novega.\u201d<\/p>\n\n\n\n<p><strong>V Tednu otroka dru\u0161tva po Sloveniji organiziramo razli\u010dne dogodke za otroke. ZPM Idrija v sredo, 4. oktobra ob 17. uri v Filmskem gledali\u0161\u010du v Idriji, za otroke in mladostnike organizira brezpla\u010den ogled slovenskega filma Vesolje med nama.<\/strong><\/p>\n\n\n\n<figure class=\"wp-block-image size-large\"><img loading=\"lazy\" decoding=\"async\" width=\"724\" height=\"1024\" src=\"https:\/\/www.zpm-idrija.si\/wp-content\/uploads\/2023\/10\/sreda-4.-10-ob-17.00-v-Filmskem-gledalisu-Idrija-1-724x1024.png\" alt=\"\" class=\"wp-image-4478\" srcset=\"https:\/\/www.zpm-idrija.si\/wp-content\/uploads\/2023\/10\/sreda-4.-10-ob-17.00-v-Filmskem-gledalisu-Idrija-1-724x1024.png 724w, https:\/\/www.zpm-idrija.si\/wp-content\/uploads\/2023\/10\/sreda-4.-10-ob-17.00-v-Filmskem-gledalisu-Idrija-1-212x300.png 212w, https:\/\/www.zpm-idrija.si\/wp-content\/uploads\/2023\/10\/sreda-4.-10-ob-17.00-v-Filmskem-gledalisu-Idrija-1-768x1086.png 768w, https:\/\/www.zpm-idrija.si\/wp-content\/uploads\/2023\/10\/sreda-4.-10-ob-17.00-v-Filmskem-gledalisu-Idrija-1-1086x1536.png 1086w, https:\/\/www.zpm-idrija.si\/wp-content\/uploads\/2023\/10\/sreda-4.-10-ob-17.00-v-Filmskem-gledalisu-Idrija-1.png 1414w\" sizes=\"auto, (max-width: 724px) 100vw, 724px\" \/><\/figure>\n","protected":false},"excerpt":{"rendered":"<p>Teden otroka\u00ae je program Zveze prijateljev mladine Slovenije \u017ee od leta 1954. Besedna zveza \u201cteden otroka\u201d je za\u0161\u010ditena \u017ee od leta 2011 in se zapi\u0161e z veliko za\u010detnico Teden otroka\u00ae. V leto\u0161njem letu poteka od 2. do 8. oktobra in nosi naslov \u00bbZakaji in zatoji radovednosti\u00ab. Kot so zapisali na Zveza prijateljev mladine Slovenije &#8211; &hellip; <\/p>\n<p class=\"link-more\"><a href=\"https:\/\/www.zpm-idrija.si\/?p=4477\" class=\"more-link\">Preberi ve\u010d<span class=\"screen-reader-text\"> &#8220;Teden otroka\u00ae&#8221;<\/span><\/a><\/p>\n","protected":false},"author":1,"featured_media":0,"comment_status":"open","ping_status":"open","sticky":false,"template":"","format":"standard","meta":{"footnotes":""},"categories":[1],"tags":[],"class_list":["post-4477","post","type-post","status-publish","format-standard","hentry","category-nekategorizirano"],"_links":{"self":[{"href":"https:\/\/www.zpm-idrija.si\/index.php?rest_route=\/wp\/v2\/posts\/4477","targetHints":{"allow":["GET"]}}],"collection":[{"href":"https:\/\/www.zpm-idrija.si\/index.php?rest_route=\/wp\/v2\/posts"}],"about":[{"href":"https:\/\/www.zpm-idrija.si\/index.php?rest_route=\/wp\/v2\/types\/post"}],"author":[{"embeddable":true,"href":"https:\/\/www.zpm-idrija.si\/index.php?rest_route=\/wp\/v2\/users\/1"}],"replies":[{"embeddable":true,"href":"https:\/\/www.zpm-idrija.si\/index.php?rest_route=%2Fwp%2Fv2%2Fcomments&post=4477"}],"version-history":[{"count":1,"href":"https:\/\/www.zpm-idrija.si\/index.php?rest_route=\/wp\/v2\/posts\/4477\/revisions"}],"predecessor-version":[{"id":4479,"href":"https:\/\/www.zpm-idrija.si\/index.php?rest_route=\/wp\/v2\/posts\/4477\/revisions\/4479"}],"wp:attachment":[{"href":"https:\/\/www.zpm-idrija.si\/index.php?rest_route=%2Fwp%2Fv2%2Fmedia&parent=4477"}],"wp:term":[{"taxonomy":"category","embeddable":true,"href":"https:\/\/www.zpm-idrija.si\/index.php?rest_route=%2Fwp%2Fv2%2Fcategories&post=4477"},{"taxonomy":"post_tag","embeddable":true,"href":"https:\/\/www.zpm-idrija.si\/index.php?rest_route=%2Fwp%2Fv2%2Ftags&post=4477"}],"curies":[{"name":"wp","href":"https:\/\/api.w.org\/{rel}","templated":true}]}}