{"id":4451,"date":"2023-09-26T09:38:17","date_gmt":"2023-09-26T08:38:17","guid":{"rendered":"https:\/\/www.zpm-idrija.si\/?p=4451"},"modified":"2023-09-26T09:38:17","modified_gmt":"2023-09-26T08:38:17","slug":"pocitnice-v-nasi-druzbi","status":"publish","type":"post","link":"https:\/\/www.zpm-idrija.si\/?p=4451","title":{"rendered":"PO\u010cITNICE V NA\u0160I DRU\u017dBI"},"content":{"rendered":"\n<p>Poletne po\u010ditnice so mimo, otroci pa \u017ee pridno gulijo \u0161olske klopi. Mnogi so vro\u010de dneve pre\u017eivljali na aktivnostih, ki so se odvijale od junija do avgusta. \u00a0Na\u0161e poletje smo otvorili s <strong>Po\u010ditni\u0161kim varstvom<\/strong>, ki se je pri\u010delo 26. junija in zaklju\u010dilo pet tednov kasneje, 30. julija. V tem \u010dasu se je varstvu zvrstilo 50 otrok, \u00a0za njihovo dobro po\u010dutje so skrbele 4 vzgojiteljice in 1 vzgojitelj, ki so s svojimi idejami otrokom pripravili pester vsakodnevni program. \u00a0Poskrbeli smo za dve malici ter toplo kosilo na katerega smo se odpravili v Gostilno Kos. Ob lepem vremenu so otroci dopoldneve ve\u010dinoma pre\u017eiveli zunaj, ob tistem bolj kislem vremenu pa so se na\u0161e aktivnosti preselile v notranje prostore. Na tem mestu se iskreno zahvaljujemo <strong>Mladinskemu centru Idrija<\/strong>, saj so nam omogo\u010dili, da smo v \u010dasu izvajanja po\u010ditni\u0161kega varstva nemoteno uporabljali njihove prostore.<\/p>\n\n\n\n<figure class=\"wp-block-gallery has-nested-images columns-default is-cropped wp-block-gallery-1 is-layout-flex wp-block-gallery-is-layout-flex\">\n<figure class=\"wp-block-image size-large\"><img loading=\"lazy\" decoding=\"async\" width=\"768\" height=\"1024\" data-id=\"4455\" src=\"https:\/\/www.zpm-idrija.si\/wp-content\/uploads\/2023\/09\/20230707_093201-3-768x1024.jpg\" alt=\"\" class=\"wp-image-4455\" srcset=\"https:\/\/www.zpm-idrija.si\/wp-content\/uploads\/2023\/09\/20230707_093201-3-768x1024.jpg 768w, https:\/\/www.zpm-idrija.si\/wp-content\/uploads\/2023\/09\/20230707_093201-3-225x300.jpg 225w, https:\/\/www.zpm-idrija.si\/wp-content\/uploads\/2023\/09\/20230707_093201-3-1152x1536.jpg 1152w, https:\/\/www.zpm-idrija.si\/wp-content\/uploads\/2023\/09\/20230707_093201-3-1536x2048.jpg 1536w, https:\/\/www.zpm-idrija.si\/wp-content\/uploads\/2023\/09\/20230707_093201-3-scaled.jpg 1920w\" sizes=\"auto, (max-width: 767px) 89vw, (max-width: 1000px) 54vw, (max-width: 1071px) 543px, 580px\" \/><\/figure>\n\n\n\n<figure class=\"wp-block-image size-large\"><img loading=\"lazy\" decoding=\"async\" width=\"1024\" height=\"768\" data-id=\"4456\" src=\"https:\/\/www.zpm-idrija.si\/wp-content\/uploads\/2023\/09\/IMG_20230803_100726-1-1024x768.jpg\" alt=\"\" class=\"wp-image-4456\" srcset=\"https:\/\/www.zpm-idrija.si\/wp-content\/uploads\/2023\/09\/IMG_20230803_100726-1-1024x768.jpg 1024w, https:\/\/www.zpm-idrija.si\/wp-content\/uploads\/2023\/09\/IMG_20230803_100726-1-300x225.jpg 300w, https:\/\/www.zpm-idrija.si\/wp-content\/uploads\/2023\/09\/IMG_20230803_100726-1-768x576.jpg 768w, https:\/\/www.zpm-idrija.si\/wp-content\/uploads\/2023\/09\/IMG_20230803_100726-1-1536x1152.jpg 1536w, https:\/\/www.zpm-idrija.si\/wp-content\/uploads\/2023\/09\/IMG_20230803_100726-1-2048x1536.jpg 2048w\" sizes=\"auto, (max-width: 767px) 89vw, (max-width: 1000px) 54vw, (max-width: 1071px) 543px, 580px\" \/><\/figure>\n\n\n\n<figure class=\"wp-block-image size-large\"><img loading=\"lazy\" decoding=\"async\" width=\"768\" height=\"1024\" data-id=\"4457\" src=\"https:\/\/www.zpm-idrija.si\/wp-content\/uploads\/2023\/09\/20230712_095941-768x1024.jpg\" alt=\"\" class=\"wp-image-4457\" srcset=\"https:\/\/www.zpm-idrija.si\/wp-content\/uploads\/2023\/09\/20230712_095941-768x1024.jpg 768w, https:\/\/www.zpm-idrija.si\/wp-content\/uploads\/2023\/09\/20230712_095941-225x300.jpg 225w, https:\/\/www.zpm-idrija.si\/wp-content\/uploads\/2023\/09\/20230712_095941-1152x1536.jpg 1152w, https:\/\/www.zpm-idrija.si\/wp-content\/uploads\/2023\/09\/20230712_095941-1536x2048.jpg 1536w, https:\/\/www.zpm-idrija.si\/wp-content\/uploads\/2023\/09\/20230712_095941-scaled.jpg 1920w\" sizes=\"auto, (max-width: 767px) 89vw, (max-width: 1000px) 54vw, (max-width: 1071px) 543px, 580px\" \/><\/figure>\n\n\n\n<figure class=\"wp-block-image size-large\"><img loading=\"lazy\" decoding=\"async\" width=\"1024\" height=\"768\" data-id=\"4458\" src=\"https:\/\/www.zpm-idrija.si\/wp-content\/uploads\/2023\/09\/IMG_20230727_105042-1024x768.jpg\" alt=\"\" class=\"wp-image-4458\" srcset=\"https:\/\/www.zpm-idrija.si\/wp-content\/uploads\/2023\/09\/IMG_20230727_105042-1024x768.jpg 1024w, https:\/\/www.zpm-idrija.si\/wp-content\/uploads\/2023\/09\/IMG_20230727_105042-300x225.jpg 300w, https:\/\/www.zpm-idrija.si\/wp-content\/uploads\/2023\/09\/IMG_20230727_105042-768x576.jpg 768w, https:\/\/www.zpm-idrija.si\/wp-content\/uploads\/2023\/09\/IMG_20230727_105042-1536x1152.jpg 1536w, https:\/\/www.zpm-idrija.si\/wp-content\/uploads\/2023\/09\/IMG_20230727_105042-2048x1536.jpg 2048w\" sizes=\"auto, (max-width: 767px) 89vw, (max-width: 1000px) 54vw, (max-width: 1071px) 543px, 580px\" \/><\/figure>\n<\/figure>\n\n\n\n<p>Da bi bilo poletje \u0161e bolj zanimivo, smo tudi letos pripravili bogat program <strong>Po\u010ditnikarije, <\/strong>ki smo ga za\u010deli takoj po zaklju\u010dku \u0161ole in ga zaklju\u010dili konec avgusta. Pripravili smo 19 raznolikih dogodkov in tako poskrbeli, da je vsak otrok v programu na\u0161el nekaj zase. &nbsp;Program smo takoj po koncu \u0161olskega leta \u017ee tradicionalno pri\u010deli z ogledom filma v Filmskem gledali\u0161\u010du Idrija. Nadaljevali smo z delavnico \u010duje\u010dnosti, ki jo je otrokom pripravila na\u0161a prostovoljka <strong>Keli Rejec.<\/strong> Odpravili smo se tudi na potep po pode\u017eelju in v sodelovanju z <strong>ICRA d.o.o.<\/strong> obiskali ekolo\u0161ko Kmetijo Roka Likarja. Za vse plesne navdu\u0161ence smo tudi letos pripravili plesne delavnice. &nbsp;V sodelovanju s <strong>Plesnim klubom Idrija<\/strong>, pod mentorstvom <strong>Ane Tr\u010dek<\/strong> in <strong>Manice Erjavec<\/strong> so se otroci u\u010dili koreografiji Hip hopa in jazz baleta. Iz <strong>Zavoda PET (Pasja Enota Terapevtov)<\/strong> sta nas obiskala dva terapevtska para, <strong>Metka Jereb<\/strong> in njen psi\u010dek <strong>\u0160aci<\/strong> ter <strong>Ana Grilc<\/strong> in njena psi\u010dka <strong>Daisy<\/strong>. Pokazali so nam naklonjen, spo\u0161tljiv in odgovoren odnos do \u017eivali, nas nau\u010dili primernega kontakta s psom ter nam pokazali zelo zanimive trike. Tudi letos smo se pod taktirko <strong>Balinarskega klub Idrija<\/strong> u\u010dili ve\u0161\u010din balinanja ter se <strong>v Filmskem gledali\u0161\u010du Idrija<\/strong> pomerili v igranju konzolne igre Sonic frontiers. Na novem pumptracku v Mejci nas je <strong>Filip<\/strong>, \u010dlan &nbsp;<strong>Dru\u0161tva ZakoncTedna<\/strong> najprej seznanili s pravili in nas nato nau\u010dil novih ve\u0161\u010din &#8220;pumpanja&#8221; s kolesom in skirojem. Iz Idrije smo se pe\u0161 odpravili do Marofa v <strong>Jahalno \u0161olo Sever<\/strong>, kjer smo izvedeli kar nekaj zanimivosti o konjih in se jih nau\u010dili \u010distiti. Nato smo se povzpeli na konjske hrbte in preizkusili svoje jahalne ve\u0161\u010dine. <strong>Strelsko dru\u0161tvo Jo\u017eeta Mihevca Idrija<\/strong> nam je omogo\u010dilo, da smo se varno u\u010dili ve\u0161\u010din streljanja. Organizirali smo \u0161e delavnico legorobotike kjer so otroci zdru\u017eili legokocke, robotiko in programiranje. Planirali smo tudi obisk novo odprtega adrenalinskega parka v Cerknem, vendar je vremenska ujma v juliju odnesla del ceste in zato dostop z avtobusom na \u017ealost ni bil mogo\u010d. Tudi letos smo v sodelovanju z <strong>Geoparkom Idrija<\/strong> pripravili razli\u010dne in zanimive delavnice. S kami\u0161ibaj gledali\u0161\u010dem nas je obiskala Tina Zadnik, v okviru delavnice varuhi narave smo spoznavali naravno okolje ob Rakah, v Antonijev rov smo se podali na lov za Perkmandl\u010dkovim zakladom, pripravili so nam \u0161e dve delavnici \u2013 delavnico izdelave holograma in delavnico izdelave obeskov za klju\u010de iz filca, planirane aktivnosti ob reki Idrijci smo zaradi slabega vremena \u017eal odpovedali. Po\u010ditnikarija je s svojimi programi zapolnila prosti \u010das otrok in poskrbela, da so imeli otroci ponovno mo\u017enost spoznati nekaj novega ter kvalitetno pre\u017eiveti \u010das v dru\u017ebi sovrstnikov. Hvala vsem organizacijam in&nbsp; prostovoljcem, ki ste sodelovali z nami v sklopu aktivnosti!Brez dobre volje in sodelovanja bi bila izvedba tako bogatega in raznolikega programa zelo te\u017eka.<\/p>\n\n\n\n<p>Najte\u017eje pri\u010dakovan del po\u010ditnic je bil zagotovo julij, ko smo se odpravili na <strong>letovanji v Pore\u010d in Se\u010do<\/strong>. Zanimanje za obe letovanji je bilo letos ponovno izjemno in potrudili smo se, da smo mesto na po\u010ditnicah zagotovili vsem prijavljenim otrokom. Prva skupina, ki jo je kot pedago\u0161ka vodja vodila <strong>Sabina Vidmar<\/strong>, je letovala v Pore\u010du med 14. in 21. julijem, druga skupina, ki jo je vodila <strong>Alja Poljan\u0161ek<\/strong> je letovala v Se\u010di med 21. in 28. julijem. Na morje smo tako odpeljali 138 otrok, zanje sta skrbeli medicinski sestri <strong>Andrejka Bizjak<\/strong> in <strong>Valerija Pav\u0161i\u010d<\/strong> ter vzgojitelji: <strong>Sara Ali\u010d, Metka Rudolf, Kristina Colja, Manca Prezelj, Pia Bizjak, Nu\u0161a Mo\u010dnik, Nika Bizjak, Miha Colja, Simon Tratnik, Andra\u017e Bizjak, Luka Volk, Tit Katari\u0107, Lena Gro\u0161elj, Ne\u017ea Munih, Tajda Razpet, Cene Skrt, Simon \u010cibej <\/strong>in<strong> Kevin Glavina<\/strong>.\u00a0 Iskrena hvala tudi vam za va\u0161 trud in predanost, saj le z va\u0161o pomo\u010djo letovanje poteka nemoteno in otrokom prijazno. Letovanje otrokom resni\u010dno polep\u0161ate na svoj na\u010din.<\/p>\n\n\n\n<figure class=\"wp-block-gallery has-nested-images columns-default is-cropped wp-block-gallery-2 is-layout-flex wp-block-gallery-is-layout-flex\">\n<figure class=\"wp-block-image size-large\"><img loading=\"lazy\" decoding=\"async\" width=\"1024\" height=\"683\" data-id=\"4459\" src=\"https:\/\/www.zpm-idrija.si\/wp-content\/uploads\/2023\/09\/Porec-1-1024x683.jpg\" alt=\"\" class=\"wp-image-4459\" srcset=\"https:\/\/www.zpm-idrija.si\/wp-content\/uploads\/2023\/09\/Porec-1-1024x683.jpg 1024w, https:\/\/www.zpm-idrija.si\/wp-content\/uploads\/2023\/09\/Porec-1-300x200.jpg 300w, https:\/\/www.zpm-idrija.si\/wp-content\/uploads\/2023\/09\/Porec-1-768x512.jpg 768w, https:\/\/www.zpm-idrija.si\/wp-content\/uploads\/2023\/09\/Porec-1-1536x1024.jpg 1536w, https:\/\/www.zpm-idrija.si\/wp-content\/uploads\/2023\/09\/Porec-1-2048x1365.jpg 2048w\" sizes=\"auto, (max-width: 767px) 89vw, (max-width: 1000px) 54vw, (max-width: 1071px) 543px, 580px\" \/><\/figure>\n\n\n\n<figure class=\"wp-block-image size-large\"><img loading=\"lazy\" decoding=\"async\" width=\"1024\" height=\"683\" data-id=\"4460\" src=\"https:\/\/www.zpm-idrija.si\/wp-content\/uploads\/2023\/09\/Seca-3-1024x683.jpg\" alt=\"\" class=\"wp-image-4460\" srcset=\"https:\/\/www.zpm-idrija.si\/wp-content\/uploads\/2023\/09\/Seca-3-1024x683.jpg 1024w, https:\/\/www.zpm-idrija.si\/wp-content\/uploads\/2023\/09\/Seca-3-300x200.jpg 300w, https:\/\/www.zpm-idrija.si\/wp-content\/uploads\/2023\/09\/Seca-3-768x512.jpg 768w, https:\/\/www.zpm-idrija.si\/wp-content\/uploads\/2023\/09\/Seca-3-1536x1024.jpg 1536w, https:\/\/www.zpm-idrija.si\/wp-content\/uploads\/2023\/09\/Seca-3-2048x1365.jpg 2048w\" sizes=\"auto, (max-width: 767px) 89vw, (max-width: 1000px) 54vw, (max-width: 1071px) 543px, 580px\" \/><\/figure>\n<\/figure>\n\n\n\n<p>Pestro poletno dogajanje se je torej poslovilo, mi pa smo z mislimi \u017ee pri naslednjih aktivnostih. Jesen bo kmalu tu in z njo nove dogodiv\u0161\u010dine, ki jih pripravljamo za otroke.<\/p>\n","protected":false},"excerpt":{"rendered":"<p>Poletne po\u010ditnice so mimo, otroci pa \u017ee pridno gulijo \u0161olske klopi. Mnogi so vro\u010de dneve pre\u017eivljali na aktivnostih, ki so se odvijale od junija do avgusta. \u00a0Na\u0161e poletje smo otvorili s Po\u010ditni\u0161kim varstvom, ki se je pri\u010delo 26. junija in zaklju\u010dilo pet tednov kasneje, 30. julija. V tem \u010dasu se je varstvu zvrstilo 50 otrok, &hellip; <\/p>\n<p class=\"link-more\"><a href=\"https:\/\/www.zpm-idrija.si\/?p=4451\" class=\"more-link\">Preberi ve\u010d<span class=\"screen-reader-text\"> &#8220;PO\u010cITNICE V NA\u0160I DRU\u017dBI&#8221;<\/span><\/a><\/p>\n","protected":false},"author":1,"featured_media":0,"comment_status":"open","ping_status":"open","sticky":false,"template":"","format":"standard","meta":{"footnotes":""},"categories":[1],"tags":[],"class_list":["post-4451","post","type-post","status-publish","format-standard","hentry","category-nekategorizirano"],"_links":{"self":[{"href":"https:\/\/www.zpm-idrija.si\/index.php?rest_route=\/wp\/v2\/posts\/4451","targetHints":{"allow":["GET"]}}],"collection":[{"href":"https:\/\/www.zpm-idrija.si\/index.php?rest_route=\/wp\/v2\/posts"}],"about":[{"href":"https:\/\/www.zpm-idrija.si\/index.php?rest_route=\/wp\/v2\/types\/post"}],"author":[{"embeddable":true,"href":"https:\/\/www.zpm-idrija.si\/index.php?rest_route=\/wp\/v2\/users\/1"}],"replies":[{"embeddable":true,"href":"https:\/\/www.zpm-idrija.si\/index.php?rest_route=%2Fwp%2Fv2%2Fcomments&post=4451"}],"version-history":[{"count":1,"href":"https:\/\/www.zpm-idrija.si\/index.php?rest_route=\/wp\/v2\/posts\/4451\/revisions"}],"predecessor-version":[{"id":4461,"href":"https:\/\/www.zpm-idrija.si\/index.php?rest_route=\/wp\/v2\/posts\/4451\/revisions\/4461"}],"wp:attachment":[{"href":"https:\/\/www.zpm-idrija.si\/index.php?rest_route=%2Fwp%2Fv2%2Fmedia&parent=4451"}],"wp:term":[{"taxonomy":"category","embeddable":true,"href":"https:\/\/www.zpm-idrija.si\/index.php?rest_route=%2Fwp%2Fv2%2Fcategories&post=4451"},{"taxonomy":"post_tag","embeddable":true,"href":"https:\/\/www.zpm-idrija.si\/index.php?rest_route=%2Fwp%2Fv2%2Ftags&post=4451"}],"curies":[{"name":"wp","href":"https:\/\/api.w.org\/{rel}","templated":true}]}}