{"id":4087,"date":"2023-07-07T17:19:37","date_gmt":"2023-07-07T16:19:37","guid":{"rendered":"https:\/\/www.zpm-idrija.si\/?p=4087"},"modified":"2023-07-07T17:34:51","modified_gmt":"2023-07-07T16:34:51","slug":"pocitnisko-varstvo-in-pocitnikarija-2-teden-2","status":"publish","type":"post","link":"https:\/\/www.zpm-idrija.si\/?p=4087","title":{"rendered":"PO\u010cITNI\u0160KO VARSTVO IN PO\u010cITNIKARIJA (2. teden)"},"content":{"rendered":"\n<p>Pa je minil \u0161e drugi teden po\u010ditni\u0161kega varstva <img loading=\"lazy\" decoding=\"async\" height=\"16\" width=\"16\" alt=\"????\" src=\"https:\/\/static.xx.fbcdn.net\/images\/emoji.php\/v9\/t6d\/1\/16\/1f973.png\">. Z 19 otroki sta bila Tit in Danaja in \u010deprav nam vreme ni bilo najbolj usojeno<img loading=\"lazy\" decoding=\"async\" height=\"16\" width=\"16\" alt=\"????\" src=\"https:\/\/static.xx.fbcdn.net\/images\/emoji.php\/v9\/t4f\/1\/16\/1f326.png\">, smo uspeli imeti zabaven teden <img loading=\"lazy\" decoding=\"async\" height=\"16\" width=\"16\" alt=\"????\" src=\"https:\/\/static.xx.fbcdn.net\/images\/emoji.php\/v9\/t7f\/1\/16\/1f60a.png\">.<\/p>\n\n\n\n<p>V torek je k nam pri\u0161la Tina Zadnik iz <a href=\"https:\/\/www.facebook.com\/geoparkidrija?__cft__[0]=AZWF1lD9jIvRc6hUYH35-1x7zmpTq_8U09KHCND5yDG646CFyN_0RKOmKTahml60c1-m5jUiEFcNW_qJ-oRzqaNrADK-4deFHbmONOOv8TqM2LwtShM1zC2woDNTP6RYDzlcCU0pYsrm8EbO8H90jdVk3Oc0E0okX16cKV8EqzFndi2cPgX_9OsAYJoaFBzfql80iOCXRs8Xj-y5Qht4Yml1&amp;__tn__=-]K-R\">Idrija Unesco Global Geopark<\/a> ter nam predstavila Kami\u0161ibaj gledali\u0161\u010de <img loading=\"lazy\" decoding=\"async\" height=\"16\" width=\"16\" alt=\"????\" src=\"https:\/\/static.xx.fbcdn.net\/images\/emoji.php\/v9\/tae\/1\/16\/1f3ad.png\">. Na zabaven na\u010din smo spoznali zgodovino Idrije in na to temo izvedli delavnico. V sredo in \u010detrtek smo v <a href=\"https:\/\/www.facebook.com\/PlesniKlubIdrija?__cft__[0]=AZWF1lD9jIvRc6hUYH35-1x7zmpTq_8U09KHCND5yDG646CFyN_0RKOmKTahml60c1-m5jUiEFcNW_qJ-oRzqaNrADK-4deFHbmONOOv8TqM2LwtShM1zC2woDNTP6RYDzlcCU0pYsrm8EbO8H90jdVk3Oc0E0okX16cKV8EqzFndi2cPgX_9OsAYJoaFBzfql80iOCXRs8Xj-y5Qht4Yml1&amp;__tn__=-]K-R\">Plesni klub Idrija<\/a> dve delavnici<img loading=\"lazy\" decoding=\"async\" height=\"16\" width=\"16\" alt=\"????\" src=\"https:\/\/static.xx.fbcdn.net\/images\/emoji.php\/v9\/tc7\/1\/16\/1f483.png\">. Najprej so punce z Manico Erjavec jazz balet, potem pa so <a><\/a>se vsi pridru\u017eili na hip hopu Ani Tr\u010dek. Da smo si popestrili \u0161e petek, se nam je pridru\u017eila prostovoljka <img loading=\"lazy\" decoding=\"async\" height=\"16\" width=\"16\" alt=\"????????\" src=\"https:\/\/static.xx.fbcdn.net\/images\/emoji.php\/v9\/t93\/1\/16\/1f1ea_1f1e6.png\"> iz mladinskega centra, s katero smo ustvarjali izdelke iz moke, soli in vode <img loading=\"lazy\" decoding=\"async\" height=\"16\" width=\"16\" alt=\"????\" src=\"https:\/\/static.xx.fbcdn.net\/images\/emoji.php\/v9\/t82\/1\/16\/1f3a8.png\">.<\/p>\n\n\n\n<p>Prihodnji teden bomo z Geoparkom Idrija spoznavali naravno okolje ob Rakah <img loading=\"lazy\" decoding=\"async\" height=\"16\" width=\"16\" alt=\"????\" src=\"https:\/\/static.xx.fbcdn.net\/images\/emoji.php\/v9\/tc\/1\/16\/1f3de.png\">, k nam pa bodo pri\u0161li na obisk ku\u017eki <img loading=\"lazy\" decoding=\"async\" height=\"16\" width=\"16\" alt=\"????\u200d????\" src=\"https:\/\/static.xx.fbcdn.net\/images\/emoji.php\/v9\/t3b\/1\/16\/1f415_200d_1f9ba.png\">.<\/p>\n\n\n\n<p>Se vidimo v ponedeljek! <img loading=\"lazy\" decoding=\"async\" height=\"16\" width=\"16\" alt=\"????\" src=\"https:\/\/static.xx.fbcdn.net\/images\/emoji.php\/v9\/tdf\/1\/16\/1f51c.png\"><\/p>\n\n\n\n<figure class=\"wp-block-gallery has-nested-images columns-default is-cropped wp-block-gallery-1 is-layout-flex wp-block-gallery-is-layout-flex\">\n<figure class=\"wp-block-image size-large\"><img loading=\"lazy\" decoding=\"async\" width=\"768\" height=\"1024\" data-id=\"4103\" src=\"https:\/\/www.zpm-idrija.si\/wp-content\/uploads\/2023\/07\/20230703_095444-2-768x1024.jpg\" alt=\"\" class=\"wp-image-4103\" srcset=\"https:\/\/www.zpm-idrija.si\/wp-content\/uploads\/2023\/07\/20230703_095444-2-768x1024.jpg 768w, https:\/\/www.zpm-idrija.si\/wp-content\/uploads\/2023\/07\/20230703_095444-2-225x300.jpg 225w, https:\/\/www.zpm-idrija.si\/wp-content\/uploads\/2023\/07\/20230703_095444-2-1152x1536.jpg 1152w, https:\/\/www.zpm-idrija.si\/wp-content\/uploads\/2023\/07\/20230703_095444-2-1536x2048.jpg 1536w, https:\/\/www.zpm-idrija.si\/wp-content\/uploads\/2023\/07\/20230703_095444-2-scaled.jpg 1920w\" sizes=\"auto, (max-width: 767px) 89vw, (max-width: 1000px) 54vw, (max-width: 1071px) 543px, 580px\" \/><\/figure>\n\n\n\n<figure class=\"wp-block-image size-large\"><img loading=\"lazy\" decoding=\"async\" width=\"768\" height=\"1024\" data-id=\"4102\" src=\"https:\/\/www.zpm-idrija.si\/wp-content\/uploads\/2023\/07\/20230704_095638-1-768x1024.jpg\" alt=\"\" class=\"wp-image-4102\" srcset=\"https:\/\/www.zpm-idrija.si\/wp-content\/uploads\/2023\/07\/20230704_095638-1-768x1024.jpg 768w, https:\/\/www.zpm-idrija.si\/wp-content\/uploads\/2023\/07\/20230704_095638-1-225x300.jpg 225w, https:\/\/www.zpm-idrija.si\/wp-content\/uploads\/2023\/07\/20230704_095638-1-1152x1536.jpg 1152w, https:\/\/www.zpm-idrija.si\/wp-content\/uploads\/2023\/07\/20230704_095638-1-1536x2048.jpg 1536w, https:\/\/www.zpm-idrija.si\/wp-content\/uploads\/2023\/07\/20230704_095638-1-scaled.jpg 1920w\" sizes=\"auto, (max-width: 767px) 89vw, (max-width: 1000px) 54vw, (max-width: 1071px) 543px, 580px\" \/><\/figure>\n\n\n\n<figure class=\"wp-block-image size-large\"><img loading=\"lazy\" decoding=\"async\" width=\"768\" height=\"1024\" data-id=\"4099\" src=\"https:\/\/www.zpm-idrija.si\/wp-content\/uploads\/2023\/07\/20230704_104124-1-768x1024.jpg\" alt=\"\" class=\"wp-image-4099\" srcset=\"https:\/\/www.zpm-idrija.si\/wp-content\/uploads\/2023\/07\/20230704_104124-1-768x1024.jpg 768w, https:\/\/www.zpm-idrija.si\/wp-content\/uploads\/2023\/07\/20230704_104124-1-225x300.jpg 225w, https:\/\/www.zpm-idrija.si\/wp-content\/uploads\/2023\/07\/20230704_104124-1-1152x1536.jpg 1152w, https:\/\/www.zpm-idrija.si\/wp-content\/uploads\/2023\/07\/20230704_104124-1-1536x2048.jpg 1536w, https:\/\/www.zpm-idrija.si\/wp-content\/uploads\/2023\/07\/20230704_104124-1-scaled.jpg 1920w\" sizes=\"auto, (max-width: 767px) 89vw, (max-width: 1000px) 54vw, (max-width: 1071px) 543px, 580px\" \/><\/figure>\n\n\n\n<figure class=\"wp-block-image size-large\"><img loading=\"lazy\" decoding=\"async\" width=\"768\" height=\"1024\" data-id=\"4100\" src=\"https:\/\/www.zpm-idrija.si\/wp-content\/uploads\/2023\/07\/20230704_105722-1-768x1024.jpg\" alt=\"\" class=\"wp-image-4100\" srcset=\"https:\/\/www.zpm-idrija.si\/wp-content\/uploads\/2023\/07\/20230704_105722-1-768x1024.jpg 768w, https:\/\/www.zpm-idrija.si\/wp-content\/uploads\/2023\/07\/20230704_105722-1-225x300.jpg 225w, https:\/\/www.zpm-idrija.si\/wp-content\/uploads\/2023\/07\/20230704_105722-1-1152x1536.jpg 1152w, https:\/\/www.zpm-idrija.si\/wp-content\/uploads\/2023\/07\/20230704_105722-1-1536x2048.jpg 1536w, https:\/\/www.zpm-idrija.si\/wp-content\/uploads\/2023\/07\/20230704_105722-1-scaled.jpg 1920w\" sizes=\"auto, (max-width: 767px) 89vw, (max-width: 1000px) 54vw, (max-width: 1071px) 543px, 580px\" \/><\/figure>\n\n\n\n<figure class=\"wp-block-image size-large\"><img loading=\"lazy\" decoding=\"async\" width=\"1024\" height=\"768\" data-id=\"4101\" src=\"https:\/\/www.zpm-idrija.si\/wp-content\/uploads\/2023\/07\/20230705_100125-1-1024x768.jpg\" alt=\"\" class=\"wp-image-4101\" srcset=\"https:\/\/www.zpm-idrija.si\/wp-content\/uploads\/2023\/07\/20230705_100125-1-1024x768.jpg 1024w, https:\/\/www.zpm-idrija.si\/wp-content\/uploads\/2023\/07\/20230705_100125-1-300x225.jpg 300w, https:\/\/www.zpm-idrija.si\/wp-content\/uploads\/2023\/07\/20230705_100125-1-768x576.jpg 768w, https:\/\/www.zpm-idrija.si\/wp-content\/uploads\/2023\/07\/20230705_100125-1-1536x1152.jpg 1536w, https:\/\/www.zpm-idrija.si\/wp-content\/uploads\/2023\/07\/20230705_100125-1-2048x1536.jpg 2048w\" sizes=\"auto, (max-width: 767px) 89vw, (max-width: 1000px) 54vw, (max-width: 1071px) 543px, 580px\" \/><\/figure>\n\n\n\n<figure class=\"wp-block-image size-large\"><img loading=\"lazy\" decoding=\"async\" width=\"1024\" height=\"768\" data-id=\"4098\" src=\"https:\/\/www.zpm-idrija.si\/wp-content\/uploads\/2023\/07\/20230706_110157-1-1024x768.jpg\" alt=\"\" class=\"wp-image-4098\" srcset=\"https:\/\/www.zpm-idrija.si\/wp-content\/uploads\/2023\/07\/20230706_110157-1-1024x768.jpg 1024w, https:\/\/www.zpm-idrija.si\/wp-content\/uploads\/2023\/07\/20230706_110157-1-300x225.jpg 300w, https:\/\/www.zpm-idrija.si\/wp-content\/uploads\/2023\/07\/20230706_110157-1-768x576.jpg 768w, https:\/\/www.zpm-idrija.si\/wp-content\/uploads\/2023\/07\/20230706_110157-1-1536x1152.jpg 1536w, https:\/\/www.zpm-idrija.si\/wp-content\/uploads\/2023\/07\/20230706_110157-1-2048x1536.jpg 2048w\" sizes=\"auto, (max-width: 767px) 89vw, (max-width: 1000px) 54vw, (max-width: 1071px) 543px, 580px\" \/><\/figure>\n\n\n<\/figure>\n","protected":false},"excerpt":{"rendered":"<p>Pa je minil \u0161e drugi teden po\u010ditni\u0161kega varstva . Z 19 otroki sta bila Tit in Danaja in \u010deprav nam vreme ni bilo najbolj usojeno, smo uspeli imeti zabaven teden . V torek je k nam pri\u0161la Tina Zadnik iz Idrija Unesco Global Geopark ter nam predstavila Kami\u0161ibaj gledali\u0161\u010de . Na zabaven na\u010din smo spoznali &hellip; <\/p>\n<p class=\"link-more\"><a href=\"https:\/\/www.zpm-idrija.si\/?p=4087\" class=\"more-link\">Preberi ve\u010d<span class=\"screen-reader-text\"> &#8220;PO\u010cITNI\u0160KO VARSTVO IN PO\u010cITNIKARIJA (2. teden)&#8221;<\/span><\/a><\/p>\n","protected":false},"author":1,"featured_media":0,"comment_status":"open","ping_status":"open","sticky":false,"template":"","format":"standard","meta":{"footnotes":""},"categories":[1],"tags":[],"class_list":["post-4087","post","type-post","status-publish","format-standard","hentry","category-nekategorizirano"],"_links":{"self":[{"href":"https:\/\/www.zpm-idrija.si\/index.php?rest_route=\/wp\/v2\/posts\/4087","targetHints":{"allow":["GET"]}}],"collection":[{"href":"https:\/\/www.zpm-idrija.si\/index.php?rest_route=\/wp\/v2\/posts"}],"about":[{"href":"https:\/\/www.zpm-idrija.si\/index.php?rest_route=\/wp\/v2\/types\/post"}],"author":[{"embeddable":true,"href":"https:\/\/www.zpm-idrija.si\/index.php?rest_route=\/wp\/v2\/users\/1"}],"replies":[{"embeddable":true,"href":"https:\/\/www.zpm-idrija.si\/index.php?rest_route=%2Fwp%2Fv2%2Fcomments&post=4087"}],"version-history":[{"count":3,"href":"https:\/\/www.zpm-idrija.si\/index.php?rest_route=\/wp\/v2\/posts\/4087\/revisions"}],"predecessor-version":[{"id":4104,"href":"https:\/\/www.zpm-idrija.si\/index.php?rest_route=\/wp\/v2\/posts\/4087\/revisions\/4104"}],"wp:attachment":[{"href":"https:\/\/www.zpm-idrija.si\/index.php?rest_route=%2Fwp%2Fv2%2Fmedia&parent=4087"}],"wp:term":[{"taxonomy":"category","embeddable":true,"href":"https:\/\/www.zpm-idrija.si\/index.php?rest_route=%2Fwp%2Fv2%2Fcategories&post=4087"},{"taxonomy":"post_tag","embeddable":true,"href":"https:\/\/www.zpm-idrija.si\/index.php?rest_route=%2Fwp%2Fv2%2Ftags&post=4087"}],"curies":[{"name":"wp","href":"https:\/\/api.w.org\/{rel}","templated":true}]}}