{"id":4070,"date":"2023-06-20T10:40:05","date_gmt":"2023-06-20T09:40:05","guid":{"rendered":"https:\/\/www.zpm-idrija.si\/?p=4070"},"modified":"2023-06-20T10:40:05","modified_gmt":"2023-06-20T09:40:05","slug":"nagradni-izlet-za-zlate-bralce","status":"publish","type":"post","link":"https:\/\/www.zpm-idrija.si\/?p=4070","title":{"rendered":"Nagradni izlet za zlate bralce"},"content":{"rendered":"\n<p>Tudi letos smo v za\u010detku junija namenili n<em>agradni izlet zlatim bralcem, u\u010dencem,\u00a0zvestim bralni zna\u010dki tekom celotnega \u0161olanja. Med u\u010denci na osnovnih \u0161olah iz Cerknega, \u010crnega Vrha, Idrije ter Spodnje Idrije se jih je v \u0161olskem letu 2022\/2023 nabralo \u0161tiriinpetdeset, med njimi je nagrado izkoristilo dvainpetdeset mladih.<\/em><\/p>\n\n\n\n<p>V \u010detrtek, 8. junija, smo se, zahvaljujo\u010d cestnim razmeram, iz Idrije podali z ve\u010d kot polurno zamudo. U\u010denci Osnovne \u0161ole \u010crni Vrh so s kombijem potovali po drugi trasi, nas v Kopru precej prehiteli, posledi\u010dno, skupaj z zaposlenimi v kinu, tudi dolgo \u010dakali, naposled pa le do\u010dakali. A so morali po\u010dakati \u0161e toliko, da smo tudi mi s \u0161olsko malico napolnili prazne \u017eelodce. Pot je bila spro\u0161\u010dena, nekateri mladostniki razli\u010dnih \u0161ol so se medseboj poznali \u017ee prej, drugi so prijateljstva sklepali mimogrede. Ve\u010d kot dve uri dolg znanstvenofantasti\u010dni film Dungeons &amp; Dragons: \u010cast med tatovi, je z udarnimi efekti navdu\u0161il ve\u010dino mlade\u017ea. Ko smo se malo po dvanajsti uri spet prikazali na plano, je primorsko sonce \u017ee po\u0161teno grelo na nebu.<\/p>\n\n\n\n<figure class=\"wp-block-image size-large\"><img loading=\"lazy\" decoding=\"async\" width=\"1024\" height=\"768\" src=\"https:\/\/www.zpm-idrija.si\/wp-content\/uploads\/2023\/06\/IMG_20230608_131655-1024x768.jpg\" alt=\"\" class=\"wp-image-4071\" srcset=\"https:\/\/www.zpm-idrija.si\/wp-content\/uploads\/2023\/06\/IMG_20230608_131655-1024x768.jpg 1024w, https:\/\/www.zpm-idrija.si\/wp-content\/uploads\/2023\/06\/IMG_20230608_131655-300x225.jpg 300w, https:\/\/www.zpm-idrija.si\/wp-content\/uploads\/2023\/06\/IMG_20230608_131655-768x576.jpg 768w, https:\/\/www.zpm-idrija.si\/wp-content\/uploads\/2023\/06\/IMG_20230608_131655-1536x1152.jpg 1536w, https:\/\/www.zpm-idrija.si\/wp-content\/uploads\/2023\/06\/IMG_20230608_131655-2048x1536.jpg 2048w\" sizes=\"auto, (max-width: 767px) 89vw, (max-width: 1000px) 54vw, (max-width: 1071px) 543px, 580px\" \/><\/figure>\n\n\n\n<p>\u010cas nam ni prizana\u0161al, na cesti do Pirana je bila gne\u010da. Tako se je le manj oblegani kombi z otroki iz \u010crnega Vrha podal v Tartnijevo mesto, ostali pa smo se odlo\u010dili sprehoditi kar po Kopru. Najprej smo si privo\u0161\u010dili sladoled, nato pa se sladkobnih ust in polni najstni\u0161ke razposajenosti ob morju odpravili v smeri \u017dusterne. Minute so hitro brzele dalje, posneli smo skupinsko fotografijo, se za hip ali dva ustavili na zelenici ob vodi in \u017ee smo se vzpenjali nazaj na avtobus. Pobegnili smo prete\u010demu nalivu ter se usmerili nazaj v doma\u010de konce.<\/p>\n\n\n\n<figure class=\"wp-block-image size-large is-resized\"><img loading=\"lazy\" decoding=\"async\" src=\"https:\/\/www.zpm-idrija.si\/wp-content\/uploads\/2023\/06\/IMG_20230608_121538-1024x768.jpg\" alt=\"\" class=\"wp-image-4072\" width=\"674\" height=\"505\" srcset=\"https:\/\/www.zpm-idrija.si\/wp-content\/uploads\/2023\/06\/IMG_20230608_121538-1024x768.jpg 1024w, https:\/\/www.zpm-idrija.si\/wp-content\/uploads\/2023\/06\/IMG_20230608_121538-300x225.jpg 300w, https:\/\/www.zpm-idrija.si\/wp-content\/uploads\/2023\/06\/IMG_20230608_121538-768x576.jpg 768w, https:\/\/www.zpm-idrija.si\/wp-content\/uploads\/2023\/06\/IMG_20230608_121538-1536x1152.jpg 1536w, https:\/\/www.zpm-idrija.si\/wp-content\/uploads\/2023\/06\/IMG_20230608_121538-2048x1536.jpg 2048w\" sizes=\"auto, (max-width: 674px) 100vw, 674px\" \/><\/figure>\n\n\n\n<p>Kljub vsemu smo pre\u017eiveli prijeten obmorski dan, zajeli nekaj slanega zraka, okusili mamljivo po\u010ditni\u0161ko vzdu\u0161je. \u0160e malo in zares bomo pristali v njem.<\/p>\n\n\n\n<p>Deveto\u0161olci zaklju\u010dujejo poznano obdobje \u017eivljenja in se podajajo novim izzivom in dogodiv\u0161\u010dinam naproti. \u017delimo jim le najbolj\u0161e.<\/p>\n\n\n\n<p><\/p>\n","protected":false},"excerpt":{"rendered":"<p>Tudi letos smo v za\u010detku junija namenili nagradni izlet zlatim bralcem, u\u010dencem,\u00a0zvestim bralni zna\u010dki tekom celotnega \u0161olanja. Med u\u010denci na osnovnih \u0161olah iz Cerknega, \u010crnega Vrha, Idrije ter Spodnje Idrije se jih je v \u0161olskem letu 2022\/2023 nabralo \u0161tiriinpetdeset, med njimi je nagrado izkoristilo dvainpetdeset mladih. V \u010detrtek, 8. junija, smo se, zahvaljujo\u010d cestnim razmeram, &hellip; <\/p>\n<p class=\"link-more\"><a href=\"https:\/\/www.zpm-idrija.si\/?p=4070\" class=\"more-link\">Preberi ve\u010d<span class=\"screen-reader-text\"> &#8220;Nagradni izlet za zlate bralce&#8221;<\/span><\/a><\/p>\n","protected":false},"author":1,"featured_media":0,"comment_status":"open","ping_status":"open","sticky":false,"template":"","format":"standard","meta":{"footnotes":""},"categories":[1],"tags":[],"class_list":["post-4070","post","type-post","status-publish","format-standard","hentry","category-nekategorizirano"],"_links":{"self":[{"href":"https:\/\/www.zpm-idrija.si\/index.php?rest_route=\/wp\/v2\/posts\/4070","targetHints":{"allow":["GET"]}}],"collection":[{"href":"https:\/\/www.zpm-idrija.si\/index.php?rest_route=\/wp\/v2\/posts"}],"about":[{"href":"https:\/\/www.zpm-idrija.si\/index.php?rest_route=\/wp\/v2\/types\/post"}],"author":[{"embeddable":true,"href":"https:\/\/www.zpm-idrija.si\/index.php?rest_route=\/wp\/v2\/users\/1"}],"replies":[{"embeddable":true,"href":"https:\/\/www.zpm-idrija.si\/index.php?rest_route=%2Fwp%2Fv2%2Fcomments&post=4070"}],"version-history":[{"count":1,"href":"https:\/\/www.zpm-idrija.si\/index.php?rest_route=\/wp\/v2\/posts\/4070\/revisions"}],"predecessor-version":[{"id":4073,"href":"https:\/\/www.zpm-idrija.si\/index.php?rest_route=\/wp\/v2\/posts\/4070\/revisions\/4073"}],"wp:attachment":[{"href":"https:\/\/www.zpm-idrija.si\/index.php?rest_route=%2Fwp%2Fv2%2Fmedia&parent=4070"}],"wp:term":[{"taxonomy":"category","embeddable":true,"href":"https:\/\/www.zpm-idrija.si\/index.php?rest_route=%2Fwp%2Fv2%2Fcategories&post=4070"},{"taxonomy":"post_tag","embeddable":true,"href":"https:\/\/www.zpm-idrija.si\/index.php?rest_route=%2Fwp%2Fv2%2Ftags&post=4070"}],"curies":[{"name":"wp","href":"https:\/\/api.w.org\/{rel}","templated":true}]}}