{"id":3986,"date":"2023-03-28T09:09:57","date_gmt":"2023-03-28T08:09:57","guid":{"rendered":"https:\/\/www.zpm-idrija.si\/?p=3986"},"modified":"2023-03-28T09:09:57","modified_gmt":"2023-03-28T08:09:57","slug":"medobcinski-otroski-parlament","status":"publish","type":"post","link":"https:\/\/www.zpm-idrija.si\/?p=3986","title":{"rendered":"Medob\u010dinski otro\u0161ki parlament"},"content":{"rendered":"\n<figure class=\"wp-block-image size-large\"><img loading=\"lazy\" decoding=\"async\" width=\"1024\" height=\"768\" src=\"https:\/\/www.zpm-idrija.si\/wp-content\/uploads\/2023\/03\/1678273016897-1024x768.jpg\" alt=\"\" class=\"wp-image-3987\" srcset=\"https:\/\/www.zpm-idrija.si\/wp-content\/uploads\/2023\/03\/1678273016897-1024x768.jpg 1024w, https:\/\/www.zpm-idrija.si\/wp-content\/uploads\/2023\/03\/1678273016897-300x225.jpg 300w, https:\/\/www.zpm-idrija.si\/wp-content\/uploads\/2023\/03\/1678273016897-768x576.jpg 768w, https:\/\/www.zpm-idrija.si\/wp-content\/uploads\/2023\/03\/1678273016897-1536x1152.jpg 1536w, https:\/\/www.zpm-idrija.si\/wp-content\/uploads\/2023\/03\/1678273016897-2048x1536.jpg 2048w\" sizes=\"auto, (max-width: 767px) 89vw, (max-width: 1000px) 54vw, (max-width: 1071px) 543px, 580px\" \/><\/figure>\n\n\n\n<p>V torek, 7. marca je v sejni sobi Ob\u010dine Cerkno potekal \u017ee 33. medob\u010dinski otro\u0161ki parlament. Mladi parlamentarci iz osnovnih \u0161ol Idrija, Sp. Idrija, \u010crni Vrh in Cerkno so razpravljali na temo Du\u0161evno zdravje otrok in mladih. V uvodnem delu zasedanja so v rubriki \u00bbKje pa vas \u010develj \u017euli nagovorili oba \u017eupana in predstavili te\u017eave, ki jih vidijo v svojem vsakdanu in celo predlagali re\u0161itve, ki jih ob\u010dini utegneta udejanjiti. \u017dupana sta jim s svojimi odgovori predstavila mo\u017enosti za uresni\u010ditve predlogov in jih spodbudila, da na ob\u010dino posredujejo svoje pobude.<\/p>\n\n\n\n<p>Sledilo je delo po skupinah in razprava. Razpravljali so o tem kaj du\u0161evno zdravje sploh je, o vplivu okolja na du\u0161evno zdravje, o virih mo\u010di in o spremembah, ki so potrebne za krepitev njihovega razvoja in pri\u0161li do naslednjih sklepov:<\/p>\n\n\n\n<p><img loading=\"lazy\" decoding=\"async\" height=\"16\" width=\"16\" alt=\"\u27a1\ufe0f\" src=\"https:\/\/static.xx.fbcdn.net\/images\/emoji.php\/v9\/t9e\/1\/16\/27a1.png\"> U\u010dencem bi se moralo dati bolj\u0161o predstavo o metodah spro\u0161\u010danja in kaj sploh je du\u0161evno zdravje. V \u0161olah, bi se moralo organizirati ve\u010d sprostitvenih dejavnosti, ker se je potrebno znati ustaviti bi to morali aplicirati tudi med poukom s pavzami. Biti bi morali bolj spro\u0161\u010deni ob izra\u017eanju svojih \u010dustev in pogovorih o du\u0161evnem zdravju.<\/p>\n\n\n\n<p><img loading=\"lazy\" decoding=\"async\" height=\"16\" width=\"16\" alt=\"\u27a1\ufe0f\" src=\"https:\/\/static.xx.fbcdn.net\/images\/emoji.php\/v9\/t9e\/1\/16\/27a1.png\"> Okolje zelo vpliva na du\u0161evno zdravje samo (ali \u017eivimo na pode\u017eelju ali v mestu, ekonomski razred), prav tako tudi prijatelji in dru\u017eina. V dru\u017eini se premalo pogovarjamo o tematiki, dobro bi bilo organizirati delavnice. Nasilne\u017ei lahko slabo vplivajo na na\u0161e du\u0161evno zdravje. Internet lahko tudi pozitivno vpliva na na\u0161e du\u0161evne zdravje, vendar ve\u010dinoma negativno, problem je ker se zelo radi primerjamo z drugimi.<\/p>\n\n\n\n<p><img loading=\"lazy\" decoding=\"async\" height=\"16\" width=\"16\" alt=\"\u27a1\ufe0f\" src=\"https:\/\/static.xx.fbcdn.net\/images\/emoji.php\/v9\/t9e\/1\/16\/27a1.png\"> Moji viri mo\u010di mi pomagajo postati bolj\u0161a oseba. Na stresne situacije moramo gledati pozitivno, velik dejavnik je, da se po\u010dutimo sprejete v dru\u017ebi. Odraslim se ni vedno najla\u017eje zaupati, saj se sovrstniki la\u017eje v\u017eivijo v tvojo ko\u017eo. Te\u017eko je oceniti mejo kdaj je dovolj pogovor s prijatelji in kdaj rabimo pomo\u010d odrasle osebe, zato je tudi pomembno, da spremljamo po\u010dutje in obna\u0161anje prijateljev. \u0160e vedno je potrebno biti samokriti\u010den in se zavedati svojih lastnosti, velikokrat pogovor \u017ee veliko re\u0161i. Dobra re\u0161itev je tudi TOM telefon in podobne svetovalnice.<\/p>\n\n\n\n<p><img loading=\"lazy\" decoding=\"async\" height=\"16\" width=\"16\" alt=\"\u27a1\ufe0f\" src=\"https:\/\/static.xx.fbcdn.net\/images\/emoji.php\/v9\/t9e\/1\/16\/27a1.png\"> Za spremembe na bolje bi pomagala bolj\u0161a razporeditev ocenjevanj v \u0161oli, manj pritiska z ocenami, potrebno bi bilo izobra\u017eevati u\u010ditelje in u\u010dence glede teh tematik (\u017ee od ni\u017ejih razredov), delavnice o medosebnih odnosih in du\u0161evnem zdravju, odpravljanje stereotipov, ustvarjanje odprte in strpne dru\u017ebe (delavnice za \u0161ir\u0161o skupnost &#8211; na ob\u010dinskem nivoju). Ozave\u0161\u010danje o pomo\u010di, ki nam je na voljo, da vemo kam se lahko obrnemo. Pomembno je urejeno okolje, ve\u010d zelenih povr\u0161in. Posluh star\u0161ev ob te\u017eavah namesto kazni, zato je zelo pomembno tudi izobra\u017eevanje star\u0161ev na tem podro\u010dju.<\/p>\n\n\n\n<p><img loading=\"lazy\" decoding=\"async\" height=\"16\" width=\"16\" alt=\"?\" src=\"https:\/\/static.xx.fbcdn.net\/images\/emoji.php\/v9\/t3c\/1\/16\/1f4a1.png\">Ob zaklju\u010dku sre\u010danja so izvolili \u0161e predstavnike za regijski in nacionalni parlament. Na regijskem parlamentu, ki bo konec marca v Novi Gorici bodo u\u010dence iz \u0161ol na Idrijskem in Cerkljanskem zastopali: Iskra Er\u017een in \u0160pela Ajdi\u0161ek O\u0160 Sp. Idrija, Mirjam Krevs in Meta \u017dgavec O\u0160 \u010crni Vrh, Zarja Prezelj O\u0160 Idrija in Jan Hojak O\u0160 Cerkno. Na nacionalnem otro\u0161kem parlamentu, ki bo letos ponovno potekal v Dr\u017eavnem zboru jih bo zastopala predstavnica O\u0160 Sp. Idrija Iskra Er\u017een kot delegatka in \u0160pela Ajdi\u0161ek kot novinarka.<\/p>\n\n\n\n<p>U\u010dence pa \u010daka \u0161e nekaj dela na \u0161oli. Pripravili bodo \u0161e akcijski na\u010drt kjer si bodo zadali cilje, ki jih vezane na temo \u017eelijo uresni\u010diti. Zadali si bodo naloge, ki jih bodo tekom leto\u0161njega in prihodnje leta tudi uresni\u010devali.<\/p>\n\n\n\n<p>Nekaj njihovih izjav lahko poslu\u0161ate tudi v prispevku Primorskega vala: <a href=\"https:\/\/l.facebook.com\/l.php?u=http%3A%2F%2Fwww.primorskival.si%2Fnovica.php%3Foid%3D18962%26fbclid%3DIwAR255lV4HvhmNN3kV33s5AzudMPeOAatugCicxAVly502hE4ORzlYKFyYnY&amp;h=AT3H9CFe_igR14mHNPnO9_CeWiyUwEM6j8CenyYO3IggM_oXvMtMDXGjpwhEwwO8UWkfwSw0iryXRcQw6jjsUWzwdB53mFo2UA60N65BTAr9rL6r1Ji-cY4osr0DQGeYLpSTG_evJZlGRISFIw&amp;__tn__=-UK-R&amp;c[0]=AT2w44Bjs28n_s4jPqmzTYxSa9DnCWQj7ZPrx_jHPKK11tQ3vUhspkUGiDO6rr8nS2GKYoGgCbTsVke6SzY2FXkUe6z1yz3yr1EOM5piLZpLT6qnIEkN2Y7o2JbAnAfQl7hVe0ZOJgivSH_N5JoufHtVxHYeaSJOIwchZYM-N1TqUtYIp6WbUUwp6JWKtpTjKvKPm69yGM4rlIa2A2Bbw8HQqK79CVoK_MaXLQ\" rel=\"noreferrer noopener\" target=\"_blank\">http:\/\/www.primorskival.si\/novica.php?oid=18962<\/a><\/p>\n","protected":false},"excerpt":{"rendered":"<p>V torek, 7. marca je v sejni sobi Ob\u010dine Cerkno potekal \u017ee 33. medob\u010dinski otro\u0161ki parlament. Mladi parlamentarci iz osnovnih \u0161ol Idrija, Sp. Idrija, \u010crni Vrh in Cerkno so razpravljali na temo Du\u0161evno zdravje otrok in mladih. V uvodnem delu zasedanja so v rubriki \u00bbKje pa vas \u010develj \u017euli nagovorili oba \u017eupana in predstavili te\u017eave, &hellip; <\/p>\n<p class=\"link-more\"><a href=\"https:\/\/www.zpm-idrija.si\/?p=3986\" class=\"more-link\">Preberi ve\u010d<span class=\"screen-reader-text\"> &#8220;Medob\u010dinski otro\u0161ki parlament&#8221;<\/span><\/a><\/p>\n","protected":false},"author":1,"featured_media":0,"comment_status":"open","ping_status":"open","sticky":false,"template":"","format":"standard","meta":{"footnotes":""},"categories":[1],"tags":[],"class_list":["post-3986","post","type-post","status-publish","format-standard","hentry","category-nekategorizirano"],"_links":{"self":[{"href":"https:\/\/www.zpm-idrija.si\/index.php?rest_route=\/wp\/v2\/posts\/3986","targetHints":{"allow":["GET"]}}],"collection":[{"href":"https:\/\/www.zpm-idrija.si\/index.php?rest_route=\/wp\/v2\/posts"}],"about":[{"href":"https:\/\/www.zpm-idrija.si\/index.php?rest_route=\/wp\/v2\/types\/post"}],"author":[{"embeddable":true,"href":"https:\/\/www.zpm-idrija.si\/index.php?rest_route=\/wp\/v2\/users\/1"}],"replies":[{"embeddable":true,"href":"https:\/\/www.zpm-idrija.si\/index.php?rest_route=%2Fwp%2Fv2%2Fcomments&post=3986"}],"version-history":[{"count":1,"href":"https:\/\/www.zpm-idrija.si\/index.php?rest_route=\/wp\/v2\/posts\/3986\/revisions"}],"predecessor-version":[{"id":3988,"href":"https:\/\/www.zpm-idrija.si\/index.php?rest_route=\/wp\/v2\/posts\/3986\/revisions\/3988"}],"wp:attachment":[{"href":"https:\/\/www.zpm-idrija.si\/index.php?rest_route=%2Fwp%2Fv2%2Fmedia&parent=3986"}],"wp:term":[{"taxonomy":"category","embeddable":true,"href":"https:\/\/www.zpm-idrija.si\/index.php?rest_route=%2Fwp%2Fv2%2Fcategories&post=3986"},{"taxonomy":"post_tag","embeddable":true,"href":"https:\/\/www.zpm-idrija.si\/index.php?rest_route=%2Fwp%2Fv2%2Ftags&post=3986"}],"curies":[{"name":"wp","href":"https:\/\/api.w.org\/{rel}","templated":true}]}}