{"id":3976,"date":"2023-03-09T13:05:02","date_gmt":"2023-03-09T12:05:02","guid":{"rendered":"https:\/\/www.zpm-idrija.si\/?p=3976"},"modified":"2023-03-24T12:14:31","modified_gmt":"2023-03-24T11:14:31","slug":"3976","status":"publish","type":"post","link":"https:\/\/www.zpm-idrija.si\/?p=3976","title":{"rendered":""},"content":{"rendered":"\n<figure class=\"wp-block-gallery has-nested-images columns-default is-cropped wp-block-gallery-1 is-layout-flex wp-block-gallery-is-layout-flex\">\n<figure class=\"wp-block-image size-large\"><img loading=\"lazy\" decoding=\"async\" width=\"724\" height=\"1024\" data-id=\"3984\" src=\"https:\/\/www.zpm-idrija.si\/wp-content\/uploads\/2023\/03\/Kopija-izdelka-ISCEMO-KANDIDATE-poster-3-724x1024.jpg\" alt=\"\" class=\"wp-image-3984\" srcset=\"https:\/\/www.zpm-idrija.si\/wp-content\/uploads\/2023\/03\/Kopija-izdelka-ISCEMO-KANDIDATE-poster-3-724x1024.jpg 724w, https:\/\/www.zpm-idrija.si\/wp-content\/uploads\/2023\/03\/Kopija-izdelka-ISCEMO-KANDIDATE-poster-3-212x300.jpg 212w, https:\/\/www.zpm-idrija.si\/wp-content\/uploads\/2023\/03\/Kopija-izdelka-ISCEMO-KANDIDATE-poster-3-768x1086.jpg 768w, https:\/\/www.zpm-idrija.si\/wp-content\/uploads\/2023\/03\/Kopija-izdelka-ISCEMO-KANDIDATE-poster-3-1086x1536.jpg 1086w, https:\/\/www.zpm-idrija.si\/wp-content\/uploads\/2023\/03\/Kopija-izdelka-ISCEMO-KANDIDATE-poster-3-1448x2048.jpg 1448w, https:\/\/www.zpm-idrija.si\/wp-content\/uploads\/2023\/03\/Kopija-izdelka-ISCEMO-KANDIDATE-poster-3.jpg 1587w\" sizes=\"auto, (max-width: 724px) 100vw, 724px\" \/><\/figure>\n<\/figure>\n\n\n\n<p>???I\u0161\u010demo kandidate za vzgojitelje &#8211; animatorje na letovanju in v po\u010ditni\u0161kem varstvu ???<\/p>\n\n\n\n<p>Poleti za otroke &#8211; osnovno\u0161olce organiziramo dve letovanji ob morju:<\/p>\n\n\n\n<p>&#8211; v Pore\u010du od 14.7. do 21.7.<\/p>\n\n\n\n<p>&#8211; v Se\u010di pri Portoro\u017eu od 21.7. do 28.7.<\/p>\n\n\n\n<p>V Idriji od 26.6. do 28.7. organiziramo tudi po\u010ditni\u0161ko varstvo, ki je namenjeno otrokom od 1. do 5. razreda osnovne \u0161ole.<\/p>\n\n\n\n<p>Poletje z nami in na\u0161o ekipo je zabavno, pestro in nor\u010davo. Spoznali boste nove, super ljudi in z njimi pre\u017eiveli nekaj \u010dudovitih dni. Ob tem pa boste pridobili neprecenljive izku\u0161nje in tudi nekaj zaslu\u017eili.<\/p>\n\n\n\n<p>\u203c\ufe0f Vabimo vas, da se \u010dim prej prijavite! I\u0161\u010demo razli\u010dne in odgovorne posameznike, ki jih v prvi vrsti veseli delo z otroki.<\/p>\n\n\n\n<p>Pi\u0161ete nam lahko na mail zpmidrija@gmail.com ali nas pokli\u010dete na telefonsko \u0161tevilko 041 427 925 kjer boste dobili vse potrebne informacije.<\/p>\n","protected":false},"excerpt":{"rendered":"<p>???I\u0161\u010demo kandidate za vzgojitelje &#8211; animatorje na letovanju in v po\u010ditni\u0161kem varstvu ??? Poleti za otroke &#8211; osnovno\u0161olce organiziramo dve letovanji ob morju: &#8211; v Pore\u010du od 14.7. do 21.7. &#8211; v Se\u010di pri Portoro\u017eu od 21.7. do 28.7. V Idriji od 26.6. do 28.7. organiziramo tudi po\u010ditni\u0161ko varstvo, ki je namenjeno otrokom od 1. &hellip; <\/p>\n<p class=\"link-more\"><a href=\"https:\/\/www.zpm-idrija.si\/?p=3976\" class=\"more-link\">Preberi ve\u010d<span class=\"screen-reader-text\"> &#8220;&#8221;<\/span><\/a><\/p>\n","protected":false},"author":1,"featured_media":0,"comment_status":"open","ping_status":"open","sticky":false,"template":"","format":"standard","meta":{"footnotes":""},"categories":[1],"tags":[],"class_list":["post-3976","post","type-post","status-publish","format-standard","hentry","category-nekategorizirano"],"_links":{"self":[{"href":"https:\/\/www.zpm-idrija.si\/index.php?rest_route=\/wp\/v2\/posts\/3976","targetHints":{"allow":["GET"]}}],"collection":[{"href":"https:\/\/www.zpm-idrija.si\/index.php?rest_route=\/wp\/v2\/posts"}],"about":[{"href":"https:\/\/www.zpm-idrija.si\/index.php?rest_route=\/wp\/v2\/types\/post"}],"author":[{"embeddable":true,"href":"https:\/\/www.zpm-idrija.si\/index.php?rest_route=\/wp\/v2\/users\/1"}],"replies":[{"embeddable":true,"href":"https:\/\/www.zpm-idrija.si\/index.php?rest_route=%2Fwp%2Fv2%2Fcomments&post=3976"}],"version-history":[{"count":3,"href":"https:\/\/www.zpm-idrija.si\/index.php?rest_route=\/wp\/v2\/posts\/3976\/revisions"}],"predecessor-version":[{"id":3985,"href":"https:\/\/www.zpm-idrija.si\/index.php?rest_route=\/wp\/v2\/posts\/3976\/revisions\/3985"}],"wp:attachment":[{"href":"https:\/\/www.zpm-idrija.si\/index.php?rest_route=%2Fwp%2Fv2%2Fmedia&parent=3976"}],"wp:term":[{"taxonomy":"category","embeddable":true,"href":"https:\/\/www.zpm-idrija.si\/index.php?rest_route=%2Fwp%2Fv2%2Fcategories&post=3976"},{"taxonomy":"post_tag","embeddable":true,"href":"https:\/\/www.zpm-idrija.si\/index.php?rest_route=%2Fwp%2Fv2%2Ftags&post=3976"}],"curies":[{"name":"wp","href":"https:\/\/api.w.org\/{rel}","templated":true}]}}