{"id":2781,"date":"2022-04-04T13:29:35","date_gmt":"2022-04-04T12:29:35","guid":{"rendered":"http:\/\/www.zpm-idrija.si\/?p=2781"},"modified":"2022-04-04T13:30:53","modified_gmt":"2022-04-04T12:30:53","slug":"zasedal-je-32-regijski-otroski-parlament","status":"publish","type":"post","link":"https:\/\/www.zpm-idrija.si\/?p=2781","title":{"rendered":"Zasedal je 32. regijski otro\u0161ki parlament"},"content":{"rendered":"<p>V torek, 29. marca smo organizirali 32. otro\u0161ki parlament Severnoprimorske regije. Sre\u010danje na katerem je bilo prisotnih 36 mladih iz obmo\u010dja ZPM Idrija, MDPM Ajdov\u0161\u010dina, MDPM Nova Gorica in DPM Tolmin ter u\u010denci iz ob\u010dine Bovec in Kobarid je potekalo virtualno.<\/p>\n<p>Parlament je povezovala Ana Hladnik, s pozdravnimi nagovori so sodelovali \u0161e podpredsednica ZPM Idrija Anja Velikonja ter \u017eupan Ob\u010dine Idrija Toma\u017e Vencelj in \u017eupan Ob\u010dine Cerkno Ga\u0161per Ur\u0161i\u010d.<\/p>\n<p>Predstavniki ob\u010dinskih oz. medob\u010dinskh otro\u0161kih parlamentov so najprej na kratko predstavili, o \u010dem je tekla beseda na predhodnih parlamentih. Nato so po skupinah razpravljali o deficitarnih poklicih in sprejemanju odlo\u010ditev za te poklice, novodobnih poklicih in vplivne\u017eih &#8220;influencerjih&#8221;, blogerjih, vlogerjih in o realnosti teh poklicev. Pogovarjali so se o vplivu digitalizacije na poklice prihodnosti, o begu mo\u017eganov kot dru\u017ebenem izzivu in o mo\u017enostih zaposlitve v tujini ter o tem kdo najbolj vpliva na izbiro poklica. Dotaknili so se tudi komunikacije na pozicijah in o osnovah komuniciranja, bontonu in komuniciranju na socialnih omre\u017ejih. Razpravo pa so zaklju\u010dili s svojimi stali\u0161\u010dih glede \u0161olanja na daljavo po dveh letih epidemije.<\/p>\n<p>U\u010dence iz \u0161ol na idrijskem in cerkljanskem so na regijskem otro\u0161kem parlamentu zastopali Nika Kastrin in Maja Menart O\u0160 Idrija, Julija Seljak in Nea Er\u017een O\u0160 Cerkno, Filip Gnezda O\u0160 Sp. Idrija in Mirjam Krevs O\u0160 \u010crni Vrh. Na nacionalni otro\u0161ki parlamentu, ki bo v Dr\u017eavnem zboru pa 11. aprila odhajata Nika Kastrin in Maja Menart O\u0160 Idrija.<\/p>\n<p><a href=\"https:\/\/www.zpm-idrija.si\/wp-content\/uploads\/2022\/04\/regijski-parlament-2.png\"><img loading=\"lazy\" decoding=\"async\" class=\"aligncenter size-large wp-image-2782\" src=\"https:\/\/www.zpm-idrija.si\/wp-content\/uploads\/2022\/04\/regijski-parlament-2-1024x576.png\" alt=\"\" width=\"525\" height=\"295\" srcset=\"https:\/\/www.zpm-idrija.si\/wp-content\/uploads\/2022\/04\/regijski-parlament-2-1024x576.png 1024w, https:\/\/www.zpm-idrija.si\/wp-content\/uploads\/2022\/04\/regijski-parlament-2-300x169.png 300w, https:\/\/www.zpm-idrija.si\/wp-content\/uploads\/2022\/04\/regijski-parlament-2-768x432.png 768w, https:\/\/www.zpm-idrija.si\/wp-content\/uploads\/2022\/04\/regijski-parlament-2.png 1920w\" sizes=\"auto, (max-width: 525px) 100vw, 525px\" \/><\/a> <a href=\"https:\/\/www.zpm-idrija.si\/wp-content\/uploads\/2022\/04\/Regijski-parlament-1.jpg\"><img loading=\"lazy\" decoding=\"async\" class=\"aligncenter size-large wp-image-2783\" src=\"https:\/\/www.zpm-idrija.si\/wp-content\/uploads\/2022\/04\/Regijski-parlament-1-1024x576.jpg\" alt=\"\" width=\"525\" height=\"295\" srcset=\"https:\/\/www.zpm-idrija.si\/wp-content\/uploads\/2022\/04\/Regijski-parlament-1-1024x576.jpg 1024w, https:\/\/www.zpm-idrija.si\/wp-content\/uploads\/2022\/04\/Regijski-parlament-1-300x169.jpg 300w, https:\/\/www.zpm-idrija.si\/wp-content\/uploads\/2022\/04\/Regijski-parlament-1-768x432.jpg 768w, https:\/\/www.zpm-idrija.si\/wp-content\/uploads\/2022\/04\/Regijski-parlament-1.jpg 1920w\" sizes=\"auto, (max-width: 525px) 100vw, 525px\" \/><\/a><\/p>\n","protected":false},"excerpt":{"rendered":"<p>V torek, 29. marca smo organizirali 32. otro\u0161ki parlament Severnoprimorske regije. Sre\u010danje na katerem je bilo prisotnih 36 mladih iz obmo\u010dja ZPM Idrija, MDPM Ajdov\u0161\u010dina, MDPM Nova Gorica in DPM Tolmin ter u\u010denci iz ob\u010dine Bovec in Kobarid je potekalo virtualno. Parlament je povezovala Ana Hladnik, s pozdravnimi nagovori so sodelovali \u0161e podpredsednica ZPM Idrija &hellip; <\/p>\n<p class=\"link-more\"><a href=\"https:\/\/www.zpm-idrija.si\/?p=2781\" class=\"more-link\">Preberi ve\u010d<span class=\"screen-reader-text\"> &#8220;Zasedal je 32. regijski otro\u0161ki parlament&#8221;<\/span><\/a><\/p>\n","protected":false},"author":1,"featured_media":0,"comment_status":"open","ping_status":"open","sticky":false,"template":"","format":"standard","meta":{"footnotes":""},"categories":[1],"tags":[],"class_list":["post-2781","post","type-post","status-publish","format-standard","hentry","category-nekategorizirano"],"_links":{"self":[{"href":"https:\/\/www.zpm-idrija.si\/index.php?rest_route=\/wp\/v2\/posts\/2781","targetHints":{"allow":["GET"]}}],"collection":[{"href":"https:\/\/www.zpm-idrija.si\/index.php?rest_route=\/wp\/v2\/posts"}],"about":[{"href":"https:\/\/www.zpm-idrija.si\/index.php?rest_route=\/wp\/v2\/types\/post"}],"author":[{"embeddable":true,"href":"https:\/\/www.zpm-idrija.si\/index.php?rest_route=\/wp\/v2\/users\/1"}],"replies":[{"embeddable":true,"href":"https:\/\/www.zpm-idrija.si\/index.php?rest_route=%2Fwp%2Fv2%2Fcomments&post=2781"}],"version-history":[{"count":3,"href":"https:\/\/www.zpm-idrija.si\/index.php?rest_route=\/wp\/v2\/posts\/2781\/revisions"}],"predecessor-version":[{"id":2786,"href":"https:\/\/www.zpm-idrija.si\/index.php?rest_route=\/wp\/v2\/posts\/2781\/revisions\/2786"}],"wp:attachment":[{"href":"https:\/\/www.zpm-idrija.si\/index.php?rest_route=%2Fwp%2Fv2%2Fmedia&parent=2781"}],"wp:term":[{"taxonomy":"category","embeddable":true,"href":"https:\/\/www.zpm-idrija.si\/index.php?rest_route=%2Fwp%2Fv2%2Fcategories&post=2781"},{"taxonomy":"post_tag","embeddable":true,"href":"https:\/\/www.zpm-idrija.si\/index.php?rest_route=%2Fwp%2Fv2%2Ftags&post=2781"}],"curies":[{"name":"wp","href":"https:\/\/api.w.org\/{rel}","templated":true}]}}