{"id":2726,"date":"2021-12-24T12:06:52","date_gmt":"2021-12-24T11:06:52","guid":{"rendered":"http:\/\/www.zpm-idrija.si\/?p=2726"},"modified":"2021-12-24T12:06:52","modified_gmt":"2021-12-24T11:06:52","slug":"obisk-dedka-mraza-v-cerknem","status":"publish","type":"post","link":"https:\/\/www.zpm-idrija.si\/?p=2726","title":{"rendered":"Obisk Dedka Mraza v Cerknem"},"content":{"rendered":"<p>Le \u0161e nekaj dni nas lo\u010di od novega leta, Dedek Mraz pa nadaljuje z obiski v na\u0161ih krajih.<\/p>\n<p><img loading=\"lazy\" decoding=\"async\" class=\"alignnone wp-image-2727 size-full\" src=\"https:\/\/www.zpm-idrija.si\/wp-content\/uploads\/2021\/12\/DSC03151.jpg\" alt=\"\" width=\"3000\" height=\"2000\" srcset=\"https:\/\/www.zpm-idrija.si\/wp-content\/uploads\/2021\/12\/DSC03151.jpg 3000w, https:\/\/www.zpm-idrija.si\/wp-content\/uploads\/2021\/12\/DSC03151-300x200.jpg 300w, https:\/\/www.zpm-idrija.si\/wp-content\/uploads\/2021\/12\/DSC03151-768x512.jpg 768w, https:\/\/www.zpm-idrija.si\/wp-content\/uploads\/2021\/12\/DSC03151-1024x683.jpg 1024w\" sizes=\"auto, (max-width: 767px) 89vw, (max-width: 1000px) 54vw, (max-width: 1071px) 543px, 580px\" \/><\/p>\n<p>V ponedeljek 27. decembra se bo mudil v Cerknem, kjer se bo s svojo prazni\u010dno okra\u0161eno ko\u010dijo zapeljal po mestnih ulicah.<\/p>\n<p><strong>Pribli\u017eno<\/strong><strong> ob 16.30 <\/strong><strong>se bo pripeljal do gostilne Pr&#8217; Padkejc.<\/strong> <strong>Nato pa se bo po Plati\u0161evi ulici vrnil nazaj na Bevkovo ulico in pot nadaljeval proti Gorenjski cesti. Iz Gorenjske ceste bo zavil na Mo\u010dnikovo ulico ter se peljal mimo Bara Gabrijel po ulici Trg prekomorskih brigad do Cvetkove ceste. Svojo pot bo zaklju\u010dil na Glavnemu trgu. <\/strong><\/p>\n<p>Vabimo vas, da se mu na njegovi poti pridru\u017eite. Pazite le, da dr\u017eite zahtevano medsebojno razdaljo 1,5 m in se razkropite na \u010dim ve\u010d razli\u010dnih lokacij na njegovi poti. \u010ce vzdr\u017eevanje razdalje ni mogo\u010de, je tudi na prostem obvezna uporaba za\u0161\u010ditnih mask. Poskrbimo, da ostanemo zdravi in naj bo obisk Dedka Mraza za na\u0161e najmlaj\u0161e, kljub zapovedanim omejitvam, \u010dimbolj prazni\u010den.<\/p>\n<p>V torek in sredo pa bo z obiskom razveselil \u0161e varovance doma upokojencev Idrija in Cerkno. Po obisku se bo odpravil naprej in pri nas ga bomo ponovno videli naslednje leto.<\/p>\n","protected":false},"excerpt":{"rendered":"<p>Le \u0161e nekaj dni nas lo\u010di od novega leta, Dedek Mraz pa nadaljuje z obiski v na\u0161ih krajih. V ponedeljek 27. decembra se bo mudil v Cerknem, kjer se bo s svojo prazni\u010dno okra\u0161eno ko\u010dijo zapeljal po mestnih ulicah. Pribli\u017eno ob 16.30 se bo pripeljal do gostilne Pr&#8217; Padkejc. Nato pa se bo po Plati\u0161evi &hellip; <\/p>\n<p class=\"link-more\"><a href=\"https:\/\/www.zpm-idrija.si\/?p=2726\" class=\"more-link\">Preberi ve\u010d<span class=\"screen-reader-text\"> &#8220;Obisk Dedka Mraza v Cerknem&#8221;<\/span><\/a><\/p>\n","protected":false},"author":1,"featured_media":0,"comment_status":"open","ping_status":"open","sticky":false,"template":"","format":"standard","meta":{"footnotes":""},"categories":[1],"tags":[],"class_list":["post-2726","post","type-post","status-publish","format-standard","hentry","category-nekategorizirano"],"_links":{"self":[{"href":"https:\/\/www.zpm-idrija.si\/index.php?rest_route=\/wp\/v2\/posts\/2726","targetHints":{"allow":["GET"]}}],"collection":[{"href":"https:\/\/www.zpm-idrija.si\/index.php?rest_route=\/wp\/v2\/posts"}],"about":[{"href":"https:\/\/www.zpm-idrija.si\/index.php?rest_route=\/wp\/v2\/types\/post"}],"author":[{"embeddable":true,"href":"https:\/\/www.zpm-idrija.si\/index.php?rest_route=\/wp\/v2\/users\/1"}],"replies":[{"embeddable":true,"href":"https:\/\/www.zpm-idrija.si\/index.php?rest_route=%2Fwp%2Fv2%2Fcomments&post=2726"}],"version-history":[{"count":1,"href":"https:\/\/www.zpm-idrija.si\/index.php?rest_route=\/wp\/v2\/posts\/2726\/revisions"}],"predecessor-version":[{"id":2728,"href":"https:\/\/www.zpm-idrija.si\/index.php?rest_route=\/wp\/v2\/posts\/2726\/revisions\/2728"}],"wp:attachment":[{"href":"https:\/\/www.zpm-idrija.si\/index.php?rest_route=%2Fwp%2Fv2%2Fmedia&parent=2726"}],"wp:term":[{"taxonomy":"category","embeddable":true,"href":"https:\/\/www.zpm-idrija.si\/index.php?rest_route=%2Fwp%2Fv2%2Fcategories&post=2726"},{"taxonomy":"post_tag","embeddable":true,"href":"https:\/\/www.zpm-idrija.si\/index.php?rest_route=%2Fwp%2Fv2%2Ftags&post=2726"}],"curies":[{"name":"wp","href":"https:\/\/api.w.org\/{rel}","templated":true}]}}