{"id":1713,"date":"2020-04-07T10:11:03","date_gmt":"2020-04-07T09:11:03","guid":{"rendered":"http:\/\/www.zpm-idrija.si\/?p=1713"},"modified":"2020-04-07T10:11:03","modified_gmt":"2020-04-07T09:11:03","slug":"anketa-za-mlade","status":"publish","type":"post","link":"https:\/\/www.zpm-idrija.si\/?p=1713","title":{"rendered":"ANKETA ZA MLADE!"},"content":{"rendered":"<p><a href=\"https:\/\/www.zpm-idrija.si\/wp-content\/uploads\/2020\/04\/ANKETA.jpg\"><img loading=\"lazy\" decoding=\"async\" class=\"aligncenter size-full wp-image-1714\" src=\"https:\/\/www.zpm-idrija.si\/wp-content\/uploads\/2020\/04\/ANKETA.jpg\" alt=\"\" width=\"718\" height=\"358\" srcset=\"https:\/\/www.zpm-idrija.si\/wp-content\/uploads\/2020\/04\/ANKETA.jpg 718w, https:\/\/www.zpm-idrija.si\/wp-content\/uploads\/2020\/04\/ANKETA-300x150.jpg 300w\" sizes=\"auto, (max-width: 718px) 100vw, 718px\" \/><\/a><\/p>\n<p><strong>Vabimo vse mlade prebivalce razli\u010dnih krajev v ob\u010dini Idrija, stare od 15 do vklju\u010dno 29 let, da izpolnite\u00a0<span style=\"color: #ff0000;\"><a style=\"color: #ff0000;\" href=\"https:\/\/www.1ka.si\/a\/268187\">anketo za ob\u010dinsko strategijo mladih<\/a>!<\/span><\/strong><\/p>\n<p>V anonimni anketi, za katero boste potrebovali pribli\u017eno 15 minut, spra\u0161ujemo o polo\u017eaju in aktivnostih mladih v idrijski ob\u010dini. Osredoto\u010dili smo se na teme trenutne epidemije, sicer pa \u017eivljenja mladih, izobra\u017eevanja in zaposlitev, bivanja ter prostega \u010dasa, zanimajo pa nas tudi va\u0161e ideje in potrebe, na katere se bomo potrudili odgovarjati v vladnih in nevladnih organizacijah.<\/p>\n<p style=\"text-align: left;\"><strong>Na podlagi VA\u0160IH odgovorov bomo sestavili smernice delovanja, ki bodo vplivale na kakovost lokalnega podro\u010dja mladine, zato zares VSAKA IZPOLNJENA ANKETA \u0160TEJE.<\/strong><\/p>\n<p>Na podlagi rezultatov ankete in sodelovanja z mladinskimi organizacijami, organizacijami za mlade in nepovezane mladine v krajih ob\u010dine Idrija bo oblikovana Strategija za mlade ob\u010dine Idrija, ki bo ob\u010dinski upravi in lokalnim odlo\u010devalcem\u00a0predstavljala smernice mladinskih politik do leta 2025.<\/p>\n<p>Podro\u010dje polo\u017eaja lokalne mladine v sodelovanju raziskujemo <span style=\"color: #ff0000;\">Mladinski center Idrija<\/span>, <span style=\"color: #ff0000;\">Dru\u0161tvo za mladinski razvoj Idrija 2020<\/span>, <span style=\"color: #ff0000;\">Zveza prijateljev mladine Idrija<\/span> ter <span style=\"color: #ff0000;\">Ob\u010dina Idrija<\/span>. Raziskovanje poteka v okviru projekta za razvoj in profesionalizacijo nevladnih organizacij, ki ga financira Ministrstvo za javno upravo, ter tudi s podporo Ob\u010dine Idrija.<\/p>\n<p>Ve\u010d o aktivnostih lahko izveste na:\u00a0<span id=\"cloak83a0b13582b3e8faf2c09dfb59493064\"><a href=\"mailto:info@mcidrija.si\">info@mcidrija.si<\/a><\/span><\/p>\n","protected":false},"excerpt":{"rendered":"<p>Vabimo vse mlade prebivalce razli\u010dnih krajev v ob\u010dini Idrija, stare od 15 do vklju\u010dno 29 let, da izpolnite\u00a0anketo za ob\u010dinsko strategijo mladih! V anonimni anketi, za katero boste potrebovali pribli\u017eno 15 minut, spra\u0161ujemo o polo\u017eaju in aktivnostih mladih v idrijski ob\u010dini. Osredoto\u010dili smo se na teme trenutne epidemije, sicer pa \u017eivljenja mladih, izobra\u017eevanja in zaposlitev, &hellip; <\/p>\n<p class=\"link-more\"><a href=\"https:\/\/www.zpm-idrija.si\/?p=1713\" class=\"more-link\">Preberi ve\u010d<span class=\"screen-reader-text\"> &#8220;ANKETA ZA MLADE!&#8221;<\/span><\/a><\/p>\n","protected":false},"author":1,"featured_media":0,"comment_status":"open","ping_status":"open","sticky":false,"template":"","format":"standard","meta":{"footnotes":""},"categories":[1],"tags":[],"class_list":["post-1713","post","type-post","status-publish","format-standard","hentry","category-nekategorizirano"],"_links":{"self":[{"href":"https:\/\/www.zpm-idrija.si\/index.php?rest_route=\/wp\/v2\/posts\/1713","targetHints":{"allow":["GET"]}}],"collection":[{"href":"https:\/\/www.zpm-idrija.si\/index.php?rest_route=\/wp\/v2\/posts"}],"about":[{"href":"https:\/\/www.zpm-idrija.si\/index.php?rest_route=\/wp\/v2\/types\/post"}],"author":[{"embeddable":true,"href":"https:\/\/www.zpm-idrija.si\/index.php?rest_route=\/wp\/v2\/users\/1"}],"replies":[{"embeddable":true,"href":"https:\/\/www.zpm-idrija.si\/index.php?rest_route=%2Fwp%2Fv2%2Fcomments&post=1713"}],"version-history":[{"count":2,"href":"https:\/\/www.zpm-idrija.si\/index.php?rest_route=\/wp\/v2\/posts\/1713\/revisions"}],"predecessor-version":[{"id":1716,"href":"https:\/\/www.zpm-idrija.si\/index.php?rest_route=\/wp\/v2\/posts\/1713\/revisions\/1716"}],"wp:attachment":[{"href":"https:\/\/www.zpm-idrija.si\/index.php?rest_route=%2Fwp%2Fv2%2Fmedia&parent=1713"}],"wp:term":[{"taxonomy":"category","embeddable":true,"href":"https:\/\/www.zpm-idrija.si\/index.php?rest_route=%2Fwp%2Fv2%2Fcategories&post=1713"},{"taxonomy":"post_tag","embeddable":true,"href":"https:\/\/www.zpm-idrija.si\/index.php?rest_route=%2Fwp%2Fv2%2Ftags&post=1713"}],"curies":[{"name":"wp","href":"https:\/\/api.w.org\/{rel}","templated":true}]}}