{"id":1705,"date":"2020-04-06T09:35:11","date_gmt":"2020-04-06T08:35:11","guid":{"rendered":"http:\/\/www.zpm-idrija.si\/?p=1705"},"modified":"2020-04-06T09:36:22","modified_gmt":"2020-04-06T08:36:22","slug":"akcija-vencek-upanja","status":"publish","type":"post","link":"https:\/\/www.zpm-idrija.si\/?p=1705","title":{"rendered":"Akcija VEN\u010cEK UPANJA"},"content":{"rendered":"<p style=\"margin: 0cm; margin-bottom: .0001pt;\">Na Osnovni \u0161oli \u010crni Vrh bodo v tem tednu izpeljali tehni\u0161ki dan v okviru katerega bodo u\u010denci od 6. do 9. razreda in vsi zaposleni izdelovali VEN\u010cEK UPANJA.<\/p>\n<p style=\"margin: 0cm; margin-bottom: .0001pt;\">Ker smo v \u010dasu, ko je vsaka dru\u017eina na svojem domu in je prav, da se ne dru\u017eimo ter vsak zase upamo, da bo kmalu pri\u0161el dan, ko bomo lahko za\u017eiveli \u02ddnormalno \u017eivljenje\u02dd, vas vabimo, da se jim pri izdelavi ven\u010dkov pridru\u017eite. Izdelan ven\u010dek naj bo simbol, ki bo navzven izra\u017eal \u017eeljo in upanje za lep\u0161i in zdrav jutri\u0161nji dan.<\/p>\n<p style=\"margin: 0cm; margin-bottom: .0001pt;\">Ko boste ven\u010dek izdelali ga izobesite na vrata, okno ali balkon. Na mesto, kjer se bo ven\u010dek videlo. Ko bodo \u0161li ljudje mimo va\u0161e hi\u0161e, bodo opazili, da v hi\u0161i \u017eivi upanje. Prav tako pa lahko k akciji povabite \u0161e svoje bli\u017enje in z nami delite slike svojih izdelkov. To nas bo vse skupaj povezalo.<\/p>\n<p>&nbsp;<\/p>\n<p><a href=\"https:\/\/www.zpm-idrija.si\/wp-content\/uploads\/2020\/04\/1.jpg\"><img loading=\"lazy\" decoding=\"async\" class=\"aligncenter size-full wp-image-1706\" src=\"https:\/\/www.zpm-idrija.si\/wp-content\/uploads\/2020\/04\/1.jpg\" alt=\"\" width=\"378\" height=\"628\" srcset=\"https:\/\/www.zpm-idrija.si\/wp-content\/uploads\/2020\/04\/1.jpg 378w, https:\/\/www.zpm-idrija.si\/wp-content\/uploads\/2020\/04\/1-181x300.jpg 181w\" sizes=\"auto, (max-width: 378px) 100vw, 378px\" \/><\/a> <a href=\"https:\/\/www.zpm-idrija.si\/wp-content\/uploads\/2020\/04\/2.jpg\"><img loading=\"lazy\" decoding=\"async\" class=\"aligncenter size-full wp-image-1707\" src=\"https:\/\/www.zpm-idrija.si\/wp-content\/uploads\/2020\/04\/2.jpg\" alt=\"\" width=\"470\" height=\"633\" srcset=\"https:\/\/www.zpm-idrija.si\/wp-content\/uploads\/2020\/04\/2.jpg 470w, https:\/\/www.zpm-idrija.si\/wp-content\/uploads\/2020\/04\/2-223x300.jpg 223w\" sizes=\"auto, (max-width: 470px) 100vw, 470px\" \/><\/a> <a href=\"https:\/\/www.zpm-idrija.si\/wp-content\/uploads\/2020\/04\/3.jpg\"><img loading=\"lazy\" decoding=\"async\" class=\"aligncenter size-full wp-image-1708\" src=\"https:\/\/www.zpm-idrija.si\/wp-content\/uploads\/2020\/04\/3.jpg\" alt=\"\" width=\"473\" height=\"581\" srcset=\"https:\/\/www.zpm-idrija.si\/wp-content\/uploads\/2020\/04\/3.jpg 473w, https:\/\/www.zpm-idrija.si\/wp-content\/uploads\/2020\/04\/3-244x300.jpg 244w\" sizes=\"auto, (max-width: 473px) 100vw, 473px\" \/><\/a> <a href=\"https:\/\/www.zpm-idrija.si\/wp-content\/uploads\/2020\/04\/4.jpg\"><img loading=\"lazy\" decoding=\"async\" class=\"aligncenter size-full wp-image-1709\" src=\"https:\/\/www.zpm-idrija.si\/wp-content\/uploads\/2020\/04\/4.jpg\" alt=\"\" width=\"441\" height=\"554\" srcset=\"https:\/\/www.zpm-idrija.si\/wp-content\/uploads\/2020\/04\/4.jpg 441w, https:\/\/www.zpm-idrija.si\/wp-content\/uploads\/2020\/04\/4-239x300.jpg 239w\" sizes=\"auto, (max-width: 441px) 100vw, 441px\" \/><\/a> <a href=\"https:\/\/www.zpm-idrija.si\/wp-content\/uploads\/2020\/04\/5.jpg\"><img loading=\"lazy\" decoding=\"async\" class=\"aligncenter size-full wp-image-1710\" src=\"https:\/\/www.zpm-idrija.si\/wp-content\/uploads\/2020\/04\/5.jpg\" alt=\"\" width=\"456\" height=\"552\" srcset=\"https:\/\/www.zpm-idrija.si\/wp-content\/uploads\/2020\/04\/5.jpg 456w, https:\/\/www.zpm-idrija.si\/wp-content\/uploads\/2020\/04\/5-248x300.jpg 248w\" sizes=\"auto, (max-width: 456px) 100vw, 456px\" \/><\/a><\/p>\n","protected":false},"excerpt":{"rendered":"<p>Na Osnovni \u0161oli \u010crni Vrh bodo v tem tednu izpeljali tehni\u0161ki dan v okviru katerega bodo u\u010denci od 6. do 9. razreda in vsi zaposleni izdelovali VEN\u010cEK UPANJA. Ker smo v \u010dasu, ko je vsaka dru\u017eina na svojem domu in je prav, da se ne dru\u017eimo ter vsak zase upamo, da bo kmalu pri\u0161el dan, &hellip; <\/p>\n<p class=\"link-more\"><a href=\"https:\/\/www.zpm-idrija.si\/?p=1705\" class=\"more-link\">Preberi ve\u010d<span class=\"screen-reader-text\"> &#8220;Akcija VEN\u010cEK UPANJA&#8221;<\/span><\/a><\/p>\n","protected":false},"author":1,"featured_media":0,"comment_status":"open","ping_status":"open","sticky":false,"template":"","format":"standard","meta":{"footnotes":""},"categories":[1],"tags":[],"class_list":["post-1705","post","type-post","status-publish","format-standard","hentry","category-nekategorizirano"],"_links":{"self":[{"href":"https:\/\/www.zpm-idrija.si\/index.php?rest_route=\/wp\/v2\/posts\/1705","targetHints":{"allow":["GET"]}}],"collection":[{"href":"https:\/\/www.zpm-idrija.si\/index.php?rest_route=\/wp\/v2\/posts"}],"about":[{"href":"https:\/\/www.zpm-idrija.si\/index.php?rest_route=\/wp\/v2\/types\/post"}],"author":[{"embeddable":true,"href":"https:\/\/www.zpm-idrija.si\/index.php?rest_route=\/wp\/v2\/users\/1"}],"replies":[{"embeddable":true,"href":"https:\/\/www.zpm-idrija.si\/index.php?rest_route=%2Fwp%2Fv2%2Fcomments&post=1705"}],"version-history":[{"count":2,"href":"https:\/\/www.zpm-idrija.si\/index.php?rest_route=\/wp\/v2\/posts\/1705\/revisions"}],"predecessor-version":[{"id":1712,"href":"https:\/\/www.zpm-idrija.si\/index.php?rest_route=\/wp\/v2\/posts\/1705\/revisions\/1712"}],"wp:attachment":[{"href":"https:\/\/www.zpm-idrija.si\/index.php?rest_route=%2Fwp%2Fv2%2Fmedia&parent=1705"}],"wp:term":[{"taxonomy":"category","embeddable":true,"href":"https:\/\/www.zpm-idrija.si\/index.php?rest_route=%2Fwp%2Fv2%2Fcategories&post=1705"},{"taxonomy":"post_tag","embeddable":true,"href":"https:\/\/www.zpm-idrija.si\/index.php?rest_route=%2Fwp%2Fv2%2Ftags&post=1705"}],"curies":[{"name":"wp","href":"https:\/\/api.w.org\/{rel}","templated":true}]}}