{"id":1617,"date":"2020-01-21T11:10:46","date_gmt":"2020-01-21T10:10:46","guid":{"rendered":"http:\/\/www.zpm-idrija.si\/?p=1617"},"modified":"2020-01-21T11:10:46","modified_gmt":"2020-01-21T10:10:46","slug":"unicefove-varne-tocke","status":"publish","type":"post","link":"https:\/\/www.zpm-idrija.si\/?p=1617","title":{"rendered":"Unicefove varne to\u010dke"},"content":{"rendered":"<p>V\u010deraj, 20.1.2020, smo organizirali usposabljanje za prostovoljce na Unicefovih varnih to\u010dkah v ob\u010dinah Idrija in Cerkno. Usposabljanje je potekalo v izvedbi Unicefa Slovenija s sodelovanjem Centra za socialno delo Severna Primorska. \u00a0Unicefova koordinatorka nam je v kratkem predavanju predstavila delovanje mre\u017ee varnih to\u010dk po Sloveniji in smernice za ukrepanje v primeru sre\u010danja z otroki v stiski. V nadaljevanju nam je svoje strokovno znanje iz podro\u010dja za\u0161\u010dite otrok podala \u0161e ga. Magda Bizjak iz CSD Severna Primorska, enota Idrija. \u00a0Izvedeli smo veliko uporabnih informacij, ki jih bomo lahko uporabili pri na\u0161em nadaljnjem delu.<\/p>\n<p>UNICEF-ove Varne to\u010dke so razli\u010dni javni prostori, kot so knji\u017enice, zavarovalnice,frizerski saloni, mladinski centri, trgovine in podobno, v katerih so prisotni ljudje, ki nudijo otrokom trenutno za\u0161\u010dito, pomo\u010d ali zgolj nasvet v stiski. Otroci lahko Varne to\u010dke <strong>prepoznajo po posebni nalepki, smejo\u010di se hi\u0161ici, <\/strong>ki je name\u0161\u010dena ob vhodu na vidnem mestu. Nanje jih opominjajo tudi \u0161olski urniki, informativne zlo\u017eenke z zemljevidi in plakati, ki jih zanje pripravimo vsako leto. Ve\u010d o varnih to\u010dkah in kje se nahajajo si lahko preberete na <a href=\"http:\/\/www.varnetocke.si\">www.varnetocke.si<\/a> .<\/p>\n<p>Zahvaljujemo se Mladinskemu centru Idrija, da so nam odstopili prostor za izvedbo usposabljanja in prostovoljcem za udele\u017ebo ter pripravljenost sodelovati.<\/p>\n<p><a href=\"https:\/\/www.zpm-idrija.si\/wp-content\/uploads\/2020\/01\/VT.jpg\"><img loading=\"lazy\" decoding=\"async\" class=\"aligncenter size-full wp-image-1618\" src=\"https:\/\/www.zpm-idrija.si\/wp-content\/uploads\/2020\/01\/VT.jpg\" alt=\"\" width=\"2736\" height=\"3232\" srcset=\"https:\/\/www.zpm-idrija.si\/wp-content\/uploads\/2020\/01\/VT.jpg 2736w, https:\/\/www.zpm-idrija.si\/wp-content\/uploads\/2020\/01\/VT-254x300.jpg 254w, https:\/\/www.zpm-idrija.si\/wp-content\/uploads\/2020\/01\/VT-768x907.jpg 768w, https:\/\/www.zpm-idrija.si\/wp-content\/uploads\/2020\/01\/VT-867x1024.jpg 867w\" sizes=\"auto, (max-width: 767px) 89vw, (max-width: 1000px) 54vw, (max-width: 1071px) 543px, 580px\" \/><\/a><\/p>\n<figure id=\"attachment_1620\" aria-describedby=\"caption-attachment-1620\" style=\"width: 4160px\" class=\"wp-caption aligncenter\"><a href=\"https:\/\/www.zpm-idrija.si\/wp-content\/uploads\/2020\/01\/IMG_20200120_173155_11.jpg\"><img loading=\"lazy\" decoding=\"async\" class=\"size-full wp-image-1620\" src=\"https:\/\/www.zpm-idrija.si\/wp-content\/uploads\/2020\/01\/IMG_20200120_173155_11.jpg\" alt=\"\" width=\"4160\" height=\"3120\" srcset=\"https:\/\/www.zpm-idrija.si\/wp-content\/uploads\/2020\/01\/IMG_20200120_173155_11.jpg 4160w, https:\/\/www.zpm-idrija.si\/wp-content\/uploads\/2020\/01\/IMG_20200120_173155_11-300x225.jpg 300w, https:\/\/www.zpm-idrija.si\/wp-content\/uploads\/2020\/01\/IMG_20200120_173155_11-768x576.jpg 768w, https:\/\/www.zpm-idrija.si\/wp-content\/uploads\/2020\/01\/IMG_20200120_173155_11-1024x768.jpg 1024w\" sizes=\"auto, (max-width: 767px) 89vw, (max-width: 1000px) 54vw, (max-width: 1071px) 543px, 580px\" \/><\/a><figcaption id=\"caption-attachment-1620\" class=\"wp-caption-text\">dav<\/figcaption><\/figure>\n","protected":false},"excerpt":{"rendered":"<p>V\u010deraj, 20.1.2020, smo organizirali usposabljanje za prostovoljce na Unicefovih varnih to\u010dkah v ob\u010dinah Idrija in Cerkno. Usposabljanje je potekalo v izvedbi Unicefa Slovenija s sodelovanjem Centra za socialno delo Severna Primorska. \u00a0Unicefova koordinatorka nam je v kratkem predavanju predstavila delovanje mre\u017ee varnih to\u010dk po Sloveniji in smernice za ukrepanje v primeru sre\u010danja z otroki v &hellip; <\/p>\n<p class=\"link-more\"><a href=\"https:\/\/www.zpm-idrija.si\/?p=1617\" class=\"more-link\">Preberi ve\u010d<span class=\"screen-reader-text\"> &#8220;Unicefove varne to\u010dke&#8221;<\/span><\/a><\/p>\n","protected":false},"author":1,"featured_media":0,"comment_status":"open","ping_status":"open","sticky":false,"template":"","format":"standard","meta":{"footnotes":""},"categories":[1],"tags":[],"class_list":["post-1617","post","type-post","status-publish","format-standard","hentry","category-nekategorizirano"],"_links":{"self":[{"href":"https:\/\/www.zpm-idrija.si\/index.php?rest_route=\/wp\/v2\/posts\/1617","targetHints":{"allow":["GET"]}}],"collection":[{"href":"https:\/\/www.zpm-idrija.si\/index.php?rest_route=\/wp\/v2\/posts"}],"about":[{"href":"https:\/\/www.zpm-idrija.si\/index.php?rest_route=\/wp\/v2\/types\/post"}],"author":[{"embeddable":true,"href":"https:\/\/www.zpm-idrija.si\/index.php?rest_route=\/wp\/v2\/users\/1"}],"replies":[{"embeddable":true,"href":"https:\/\/www.zpm-idrija.si\/index.php?rest_route=%2Fwp%2Fv2%2Fcomments&post=1617"}],"version-history":[{"count":1,"href":"https:\/\/www.zpm-idrija.si\/index.php?rest_route=\/wp\/v2\/posts\/1617\/revisions"}],"predecessor-version":[{"id":1621,"href":"https:\/\/www.zpm-idrija.si\/index.php?rest_route=\/wp\/v2\/posts\/1617\/revisions\/1621"}],"wp:attachment":[{"href":"https:\/\/www.zpm-idrija.si\/index.php?rest_route=%2Fwp%2Fv2%2Fmedia&parent=1617"}],"wp:term":[{"taxonomy":"category","embeddable":true,"href":"https:\/\/www.zpm-idrija.si\/index.php?rest_route=%2Fwp%2Fv2%2Fcategories&post=1617"},{"taxonomy":"post_tag","embeddable":true,"href":"https:\/\/www.zpm-idrija.si\/index.php?rest_route=%2Fwp%2Fv2%2Ftags&post=1617"}],"curies":[{"name":"wp","href":"https:\/\/api.w.org\/{rel}","templated":true}]}}