{"id":1594,"date":"2019-12-20T12:49:27","date_gmt":"2019-12-20T11:49:27","guid":{"rendered":"http:\/\/www.zpm-idrija.si\/?p=1594"},"modified":"2019-12-20T12:49:27","modified_gmt":"2019-12-20T11:49:27","slug":"veseli-december-2019-5","status":"publish","type":"post","link":"https:\/\/www.zpm-idrija.si\/?p=1594","title":{"rendered":"Veseli december 2019"},"content":{"rendered":"<p>Napetost se stopnjuje, prazniki so \u017ee skoraj tu!<\/p>\n<p>Dedek Mraz nadaljuje svoj pohod po na\u0161ih krajih in dogodki veselega decembra se kar \u0161e vrstijo. \u00a0Bo\u017ei\u010d bomo sicer vsi pre\u017eiveli v krogu na\u0161ih najbli\u017ejih, ostale dni pa vas vabimo, da se nam pridru\u017eite na prazni\u010dnih dogodkih.<\/p>\n<p><a href=\"https:\/\/www.zpm-idrija.si\/wp-content\/uploads\/2019\/12\/5-teden-1.jpg\"><img loading=\"lazy\" decoding=\"async\" class=\"aligncenter size-full wp-image-1595\" src=\"https:\/\/www.zpm-idrija.si\/wp-content\/uploads\/2019\/12\/5-teden-1.jpg\" alt=\"\" width=\"1414\" height=\"2000\" srcset=\"https:\/\/www.zpm-idrija.si\/wp-content\/uploads\/2019\/12\/5-teden-1.jpg 1414w, https:\/\/www.zpm-idrija.si\/wp-content\/uploads\/2019\/12\/5-teden-1-212x300.jpg 212w, https:\/\/www.zpm-idrija.si\/wp-content\/uploads\/2019\/12\/5-teden-1-768x1086.jpg 768w, https:\/\/www.zpm-idrija.si\/wp-content\/uploads\/2019\/12\/5-teden-1-724x1024.jpg 724w\" sizes=\"auto, (max-width: 767px) 89vw, (max-width: 1000px) 54vw, (max-width: 1071px) 543px, 580px\" \/><\/a><\/p>\n<p><a href=\"https:\/\/www.zpm-idrija.si\/wp-content\/uploads\/2019\/12\/5-teden-2.jpg\"><img loading=\"lazy\" decoding=\"async\" class=\"aligncenter size-full wp-image-1596\" src=\"https:\/\/www.zpm-idrija.si\/wp-content\/uploads\/2019\/12\/5-teden-2.jpg\" alt=\"\" width=\"1414\" height=\"2000\" srcset=\"https:\/\/www.zpm-idrija.si\/wp-content\/uploads\/2019\/12\/5-teden-2.jpg 1414w, https:\/\/www.zpm-idrija.si\/wp-content\/uploads\/2019\/12\/5-teden-2-212x300.jpg 212w, https:\/\/www.zpm-idrija.si\/wp-content\/uploads\/2019\/12\/5-teden-2-768x1086.jpg 768w, https:\/\/www.zpm-idrija.si\/wp-content\/uploads\/2019\/12\/5-teden-2-724x1024.jpg 724w\" sizes=\"auto, (max-width: 767px) 89vw, (max-width: 1000px) 54vw, (max-width: 1071px) 543px, 580px\" \/><\/a><\/p>\n","protected":false},"excerpt":{"rendered":"<p>Napetost se stopnjuje, prazniki so \u017ee skoraj tu! Dedek Mraz nadaljuje svoj pohod po na\u0161ih krajih in dogodki veselega decembra se kar \u0161e vrstijo. \u00a0Bo\u017ei\u010d bomo sicer vsi pre\u017eiveli v krogu na\u0161ih najbli\u017ejih, ostale dni pa vas vabimo, da se nam pridru\u017eite na prazni\u010dnih dogodkih.<\/p>\n","protected":false},"author":1,"featured_media":0,"comment_status":"open","ping_status":"open","sticky":false,"template":"","format":"standard","meta":{"footnotes":""},"categories":[1],"tags":[],"class_list":["post-1594","post","type-post","status-publish","format-standard","hentry","category-nekategorizirano"],"_links":{"self":[{"href":"https:\/\/www.zpm-idrija.si\/index.php?rest_route=\/wp\/v2\/posts\/1594","targetHints":{"allow":["GET"]}}],"collection":[{"href":"https:\/\/www.zpm-idrija.si\/index.php?rest_route=\/wp\/v2\/posts"}],"about":[{"href":"https:\/\/www.zpm-idrija.si\/index.php?rest_route=\/wp\/v2\/types\/post"}],"author":[{"embeddable":true,"href":"https:\/\/www.zpm-idrija.si\/index.php?rest_route=\/wp\/v2\/users\/1"}],"replies":[{"embeddable":true,"href":"https:\/\/www.zpm-idrija.si\/index.php?rest_route=%2Fwp%2Fv2%2Fcomments&post=1594"}],"version-history":[{"count":1,"href":"https:\/\/www.zpm-idrija.si\/index.php?rest_route=\/wp\/v2\/posts\/1594\/revisions"}],"predecessor-version":[{"id":1597,"href":"https:\/\/www.zpm-idrija.si\/index.php?rest_route=\/wp\/v2\/posts\/1594\/revisions\/1597"}],"wp:attachment":[{"href":"https:\/\/www.zpm-idrija.si\/index.php?rest_route=%2Fwp%2Fv2%2Fmedia&parent=1594"}],"wp:term":[{"taxonomy":"category","embeddable":true,"href":"https:\/\/www.zpm-idrija.si\/index.php?rest_route=%2Fwp%2Fv2%2Fcategories&post=1594"},{"taxonomy":"post_tag","embeddable":true,"href":"https:\/\/www.zpm-idrija.si\/index.php?rest_route=%2Fwp%2Fv2%2Ftags&post=1594"}],"curies":[{"name":"wp","href":"https:\/\/api.w.org\/{rel}","templated":true}]}}