{"id":1591,"date":"2019-12-18T08:35:17","date_gmt":"2019-12-18T07:35:17","guid":{"rendered":"http:\/\/www.zpm-idrija.si\/?p=1591"},"modified":"2019-12-18T08:35:17","modified_gmt":"2019-12-18T07:35:17","slug":"carobna-decembrska-sobota","status":"publish","type":"post","link":"https:\/\/www.zpm-idrija.si\/?p=1591","title":{"rendered":"\u010carobna decembrska sobota"},"content":{"rendered":"<p>Komaj \u017ee \u010dakamo soboto, ko nas tudi v Idriji obi\u0161\u010de Dedek Mraz!<br \/>\nProgram za otroke se za\u010dne ob 16.00 z nastopom Romane Krajn\u010dan, ki nas bo zabavala vse do prihoda dobrega mo\u017ea. Za otroke bo brezpla\u010dno na voljo topel \u010daj in organizirano slikanje z Dedkom Mrazom.<\/p>\n<p>\u017de ob 14.00 pa ste vabljeni na sejem rokodelcev in ob 15.00 na tekmovanje v okra\u0161evanju novoletnih smrekic. Prijave ekip \u0161e potekajo, zato hitro zberite nekaj \u010dlanov in mogo\u010de bo prav va\u0161a prazni\u010dna stvaritev do konca leta krasila Idrijo.<\/p>\n<p>&nbsp;<\/p>\n<p><a href=\"https:\/\/www.zpm-idrija.si\/wp-content\/uploads\/2019\/12\/dedek-ledine-m.jpg\"><img loading=\"lazy\" decoding=\"async\" class=\"aligncenter size-full wp-image-1592\" src=\"https:\/\/www.zpm-idrija.si\/wp-content\/uploads\/2019\/12\/dedek-ledine-m.jpg\" alt=\"\" width=\"2234\" height=\"1822\" srcset=\"https:\/\/www.zpm-idrija.si\/wp-content\/uploads\/2019\/12\/dedek-ledine-m.jpg 2234w, https:\/\/www.zpm-idrija.si\/wp-content\/uploads\/2019\/12\/dedek-ledine-m-300x245.jpg 300w, https:\/\/www.zpm-idrija.si\/wp-content\/uploads\/2019\/12\/dedek-ledine-m-768x626.jpg 768w, https:\/\/www.zpm-idrija.si\/wp-content\/uploads\/2019\/12\/dedek-ledine-m-1024x835.jpg 1024w\" sizes=\"auto, (max-width: 767px) 89vw, (max-width: 1000px) 54vw, (max-width: 1071px) 543px, 580px\" \/><\/a><\/p>\n","protected":false},"excerpt":{"rendered":"<p>Komaj \u017ee \u010dakamo soboto, ko nas tudi v Idriji obi\u0161\u010de Dedek Mraz! Program za otroke se za\u010dne ob 16.00 z nastopom Romane Krajn\u010dan, ki nas bo zabavala vse do prihoda dobrega mo\u017ea. Za otroke bo brezpla\u010dno na voljo topel \u010daj in organizirano slikanje z Dedkom Mrazom. \u017de ob 14.00 pa ste vabljeni na sejem rokodelcev &hellip; <\/p>\n<p class=\"link-more\"><a href=\"https:\/\/www.zpm-idrija.si\/?p=1591\" class=\"more-link\">Preberi ve\u010d<span class=\"screen-reader-text\"> &#8220;\u010carobna decembrska sobota&#8221;<\/span><\/a><\/p>\n","protected":false},"author":1,"featured_media":0,"comment_status":"open","ping_status":"open","sticky":false,"template":"","format":"standard","meta":{"footnotes":""},"categories":[1],"tags":[],"class_list":["post-1591","post","type-post","status-publish","format-standard","hentry","category-nekategorizirano"],"_links":{"self":[{"href":"https:\/\/www.zpm-idrija.si\/index.php?rest_route=\/wp\/v2\/posts\/1591","targetHints":{"allow":["GET"]}}],"collection":[{"href":"https:\/\/www.zpm-idrija.si\/index.php?rest_route=\/wp\/v2\/posts"}],"about":[{"href":"https:\/\/www.zpm-idrija.si\/index.php?rest_route=\/wp\/v2\/types\/post"}],"author":[{"embeddable":true,"href":"https:\/\/www.zpm-idrija.si\/index.php?rest_route=\/wp\/v2\/users\/1"}],"replies":[{"embeddable":true,"href":"https:\/\/www.zpm-idrija.si\/index.php?rest_route=%2Fwp%2Fv2%2Fcomments&post=1591"}],"version-history":[{"count":1,"href":"https:\/\/www.zpm-idrija.si\/index.php?rest_route=\/wp\/v2\/posts\/1591\/revisions"}],"predecessor-version":[{"id":1593,"href":"https:\/\/www.zpm-idrija.si\/index.php?rest_route=\/wp\/v2\/posts\/1591\/revisions\/1593"}],"wp:attachment":[{"href":"https:\/\/www.zpm-idrija.si\/index.php?rest_route=%2Fwp%2Fv2%2Fmedia&parent=1591"}],"wp:term":[{"taxonomy":"category","embeddable":true,"href":"https:\/\/www.zpm-idrija.si\/index.php?rest_route=%2Fwp%2Fv2%2Fcategories&post=1591"},{"taxonomy":"post_tag","embeddable":true,"href":"https:\/\/www.zpm-idrija.si\/index.php?rest_route=%2Fwp%2Fv2%2Ftags&post=1591"}],"curies":[{"name":"wp","href":"https:\/\/api.w.org\/{rel}","templated":true}]}}