{"id":1575,"date":"2019-12-06T09:55:30","date_gmt":"2019-12-06T08:55:30","guid":{"rendered":"http:\/\/www.zpm-idrija.si\/?p=1575"},"modified":"2019-12-06T10:00:15","modified_gmt":"2019-12-06T09:00:15","slug":"veseli-december-2019-3","status":"publish","type":"post","link":"https:\/\/www.zpm-idrija.si\/?p=1575","title":{"rendered":"Veseli december 2019"},"content":{"rendered":"<p><span data-offset-key=\"8mt1i-0-0\">Juhej, Miklav\u017ea smo do\u010dakali, zdaj pa se veseli program nadaljuje. Vstopamo \u017ee v tretji teden prazni\u010dnega dogajanja! <\/span><\/p>\n<p><a href=\"https:\/\/www.zpm-idrija.si\/wp-content\/uploads\/2019\/12\/3-teden-1.jpg\"><img loading=\"lazy\" decoding=\"async\" class=\"aligncenter wp-image-1576 size-full\" src=\"https:\/\/www.zpm-idrija.si\/wp-content\/uploads\/2019\/12\/3-teden-1.jpg\" alt=\"\" width=\"1414\" height=\"2000\" srcset=\"https:\/\/www.zpm-idrija.si\/wp-content\/uploads\/2019\/12\/3-teden-1.jpg 1414w, https:\/\/www.zpm-idrija.si\/wp-content\/uploads\/2019\/12\/3-teden-1-212x300.jpg 212w, https:\/\/www.zpm-idrija.si\/wp-content\/uploads\/2019\/12\/3-teden-1-768x1086.jpg 768w, https:\/\/www.zpm-idrija.si\/wp-content\/uploads\/2019\/12\/3-teden-1-724x1024.jpg 724w\" sizes=\"auto, (max-width: 767px) 89vw, (max-width: 1000px) 54vw, (max-width: 1071px) 543px, 580px\" \/><\/a><\/p>\n<p><a href=\"https:\/\/www.zpm-idrija.si\/wp-content\/uploads\/2019\/12\/3-teden-2.jpg\"><img loading=\"lazy\" decoding=\"async\" class=\"aligncenter wp-image-1577 size-full\" src=\"https:\/\/www.zpm-idrija.si\/wp-content\/uploads\/2019\/12\/3-teden-2.jpg\" alt=\"\" width=\"1414\" height=\"2000\" srcset=\"https:\/\/www.zpm-idrija.si\/wp-content\/uploads\/2019\/12\/3-teden-2.jpg 1414w, https:\/\/www.zpm-idrija.si\/wp-content\/uploads\/2019\/12\/3-teden-2-212x300.jpg 212w, https:\/\/www.zpm-idrija.si\/wp-content\/uploads\/2019\/12\/3-teden-2-768x1086.jpg 768w, https:\/\/www.zpm-idrija.si\/wp-content\/uploads\/2019\/12\/3-teden-2-724x1024.jpg 724w\" sizes=\"auto, (max-width: 767px) 89vw, (max-width: 1000px) 54vw, (max-width: 1071px) 543px, 580px\" \/><\/a><\/p>\n<p>&nbsp;<\/p>\n","protected":false},"excerpt":{"rendered":"<p>Juhej, Miklav\u017ea smo do\u010dakali, zdaj pa se veseli program nadaljuje. Vstopamo \u017ee v tretji teden prazni\u010dnega dogajanja! &nbsp;<\/p>\n","protected":false},"author":1,"featured_media":0,"comment_status":"open","ping_status":"open","sticky":false,"template":"","format":"standard","meta":{"footnotes":""},"categories":[1],"tags":[],"class_list":["post-1575","post","type-post","status-publish","format-standard","hentry","category-nekategorizirano"],"_links":{"self":[{"href":"https:\/\/www.zpm-idrija.si\/index.php?rest_route=\/wp\/v2\/posts\/1575","targetHints":{"allow":["GET"]}}],"collection":[{"href":"https:\/\/www.zpm-idrija.si\/index.php?rest_route=\/wp\/v2\/posts"}],"about":[{"href":"https:\/\/www.zpm-idrija.si\/index.php?rest_route=\/wp\/v2\/types\/post"}],"author":[{"embeddable":true,"href":"https:\/\/www.zpm-idrija.si\/index.php?rest_route=\/wp\/v2\/users\/1"}],"replies":[{"embeddable":true,"href":"https:\/\/www.zpm-idrija.si\/index.php?rest_route=%2Fwp%2Fv2%2Fcomments&post=1575"}],"version-history":[{"count":6,"href":"https:\/\/www.zpm-idrija.si\/index.php?rest_route=\/wp\/v2\/posts\/1575\/revisions"}],"predecessor-version":[{"id":1584,"href":"https:\/\/www.zpm-idrija.si\/index.php?rest_route=\/wp\/v2\/posts\/1575\/revisions\/1584"}],"wp:attachment":[{"href":"https:\/\/www.zpm-idrija.si\/index.php?rest_route=%2Fwp%2Fv2%2Fmedia&parent=1575"}],"wp:term":[{"taxonomy":"category","embeddable":true,"href":"https:\/\/www.zpm-idrija.si\/index.php?rest_route=%2Fwp%2Fv2%2Fcategories&post=1575"},{"taxonomy":"post_tag","embeddable":true,"href":"https:\/\/www.zpm-idrija.si\/index.php?rest_route=%2Fwp%2Fv2%2Ftags&post=1575"}],"curies":[{"name":"wp","href":"https:\/\/api.w.org\/{rel}","templated":true}]}}