{"id":1562,"date":"2019-11-30T09:36:08","date_gmt":"2019-11-30T08:36:08","guid":{"rendered":"http:\/\/www.zpm-idrija.si\/?p=1562"},"modified":"2019-12-06T10:00:57","modified_gmt":"2019-12-06T09:00:57","slug":"veseli-december-2019-2","status":"publish","type":"post","link":"https:\/\/www.zpm-idrija.si\/?p=1562","title":{"rendered":"Veseli december 2019"},"content":{"rendered":"<div class=\"\" data-block=\"true\" data-editor=\"cdfpu\" data-offset-key=\"1na40-0-0\">\n<div class=\"_1mf _1mj\" data-offset-key=\"1na40-0-0\"><span data-offset-key=\"1na40-0-0\">Novoletne lu\u010dke \u017ee krasijo Idrijo, december je le \u0161e dan stran in prvi od dobrih mo\u017e \u017ee trka na vrata <\/span><span class=\"_3gl1 _5zz4\" data-offset-key=\"1na40-1-0\"><span class=\"_ncl\"><span data-offset-key=\"1na40-1-0\">? M<\/span><\/span><\/span><span data-offset-key=\"1na40-2-0\">i pa smo v prihajajo\u010dem tednu pripravili pestro izbiro predprazni\u010dnih dogodkov.<\/span><\/div>\n<div data-offset-key=\"1na40-0-0\"><\/div>\n<\/div>\n<div data-offset-key=\"1na40-0-0\"><a href=\"https:\/\/www.zpm-idrija.si\/wp-content\/uploads\/2019\/11\/2-teden-1.jpg\"><img loading=\"lazy\" decoding=\"async\" class=\"aligncenter size-full wp-image-1563\" src=\"https:\/\/www.zpm-idrija.si\/wp-content\/uploads\/2019\/11\/2-teden-1.jpg\" alt=\"\" width=\"1414\" height=\"2000\" srcset=\"https:\/\/www.zpm-idrija.si\/wp-content\/uploads\/2019\/11\/2-teden-1.jpg 1414w, https:\/\/www.zpm-idrija.si\/wp-content\/uploads\/2019\/11\/2-teden-1-212x300.jpg 212w, https:\/\/www.zpm-idrija.si\/wp-content\/uploads\/2019\/11\/2-teden-1-768x1086.jpg 768w, https:\/\/www.zpm-idrija.si\/wp-content\/uploads\/2019\/11\/2-teden-1-724x1024.jpg 724w\" sizes=\"auto, (max-width: 767px) 89vw, (max-width: 1000px) 54vw, (max-width: 1071px) 543px, 580px\" \/><\/a><\/div>\n<div data-offset-key=\"1na40-0-0\"><a href=\"https:\/\/www.zpm-idrija.si\/wp-content\/uploads\/2019\/11\/2-teden-2.jpg\"><img loading=\"lazy\" decoding=\"async\" class=\"aligncenter size-full wp-image-1564\" src=\"https:\/\/www.zpm-idrija.si\/wp-content\/uploads\/2019\/11\/2-teden-2.jpg\" alt=\"\" width=\"1414\" height=\"2000\" srcset=\"https:\/\/www.zpm-idrija.si\/wp-content\/uploads\/2019\/11\/2-teden-2.jpg 1414w, https:\/\/www.zpm-idrija.si\/wp-content\/uploads\/2019\/11\/2-teden-2-212x300.jpg 212w, https:\/\/www.zpm-idrija.si\/wp-content\/uploads\/2019\/11\/2-teden-2-768x1086.jpg 768w, https:\/\/www.zpm-idrija.si\/wp-content\/uploads\/2019\/11\/2-teden-2-724x1024.jpg 724w\" sizes=\"auto, (max-width: 767px) 89vw, (max-width: 1000px) 54vw, (max-width: 1071px) 543px, 580px\" \/><\/a><\/div>\n","protected":false},"excerpt":{"rendered":"<p>Novoletne lu\u010dke \u017ee krasijo Idrijo, december je le \u0161e dan stran in prvi od dobrih mo\u017e \u017ee trka na vrata ? Mi pa smo v prihajajo\u010dem tednu pripravili pestro izbiro predprazni\u010dnih dogodkov.<\/p>\n","protected":false},"author":1,"featured_media":0,"comment_status":"open","ping_status":"open","sticky":false,"template":"","format":"standard","meta":{"footnotes":""},"categories":[1],"tags":[],"class_list":["post-1562","post","type-post","status-publish","format-standard","hentry","category-nekategorizirano"],"_links":{"self":[{"href":"https:\/\/www.zpm-idrija.si\/index.php?rest_route=\/wp\/v2\/posts\/1562","targetHints":{"allow":["GET"]}}],"collection":[{"href":"https:\/\/www.zpm-idrija.si\/index.php?rest_route=\/wp\/v2\/posts"}],"about":[{"href":"https:\/\/www.zpm-idrija.si\/index.php?rest_route=\/wp\/v2\/types\/post"}],"author":[{"embeddable":true,"href":"https:\/\/www.zpm-idrija.si\/index.php?rest_route=\/wp\/v2\/users\/1"}],"replies":[{"embeddable":true,"href":"https:\/\/www.zpm-idrija.si\/index.php?rest_route=%2Fwp%2Fv2%2Fcomments&post=1562"}],"version-history":[{"count":3,"href":"https:\/\/www.zpm-idrija.si\/index.php?rest_route=\/wp\/v2\/posts\/1562\/revisions"}],"predecessor-version":[{"id":1585,"href":"https:\/\/www.zpm-idrija.si\/index.php?rest_route=\/wp\/v2\/posts\/1562\/revisions\/1585"}],"wp:attachment":[{"href":"https:\/\/www.zpm-idrija.si\/index.php?rest_route=%2Fwp%2Fv2%2Fmedia&parent=1562"}],"wp:term":[{"taxonomy":"category","embeddable":true,"href":"https:\/\/www.zpm-idrija.si\/index.php?rest_route=%2Fwp%2Fv2%2Fcategories&post=1562"},{"taxonomy":"post_tag","embeddable":true,"href":"https:\/\/www.zpm-idrija.si\/index.php?rest_route=%2Fwp%2Fv2%2Ftags&post=1562"}],"curies":[{"name":"wp","href":"https:\/\/api.w.org\/{rel}","templated":true}]}}