{"id":1558,"date":"2019-11-28T10:48:54","date_gmt":"2019-11-28T09:48:54","guid":{"rendered":"http:\/\/www.zpm-idrija.si\/?p=1558"},"modified":"2019-11-28T10:48:54","modified_gmt":"2019-11-28T09:48:54","slug":"konferenca-ob-30-obletnici-sprejetja-konvencije-o-otrokovih-pravicah-in-30-obletnici-programa-otroski-parlamenti","status":"publish","type":"post","link":"https:\/\/www.zpm-idrija.si\/?p=1558","title":{"rendered":"Konferenca ob 30. obletnici sprejetja Konvencije o otrokovih pravicah in 30. obletnici programa Otro\u0161ki parlamenti."},"content":{"rendered":"<p>V\u010deraj, v sredo 27.11.2019, je v Ljubljani potekala Konferenca ob 30. obletnici sprejetja Konvencije o otrokovih pravicah in 30. obletnici programa Otro\u0161ki parlamenti v organizaciji Zveze prijateljev mladine Slovenija. Na konferenci smo bili prisotni tudi mi in na\u0161a u\u010denka iz O\u0160 Idrija.<\/p>\n<p>Klju\u010dni udele\u017eenci so bili otroci od 13. do 17. leta iz vse Slovenije, ki so v razpravi z odlo\u010devalci imeli mo\u017enost izraziti svoje mnenje in postaviti vpra\u0161anja o otro\u0161ki participaciji. Posnetek razprave si lahko pogledate na FB profilu Vlada Republike Slovenije. Pridru\u017eila sta se nam tudi minister za izobra\u017eevanje, znanost in \u0161port dr. Jernej Pikalo in ministrica za delo, dru\u017eino, socialne zadeve in enake mo\u017enosti mag. Ksenija Klampfer. Dobre prakse iz tujine sta nam predstavili predstavnica organizacije Eurochild in predstavnica bolgarske Nacionalne mre\u017ee za otroke.<\/p>\n<p>Otroci so poleg vpra\u0161anj glede otro\u0161ke participacije izrazili \u017eeljo po dialogu o globalnem segrevanju, ekologiji, \u0161olskem sistemu doma in v tujini, migracijah, svetovni politiki in problemih manj\u0161in v Sloveniji .<\/p>\n<p>Pridobljeno znanje bomo s pridom uporabili za nadaljnje delo z otroki in organizacijo naslednjega otro\u0161kega parlamenta. Zahvaljujemo se MDPM Ajdov\u0161\u010dina za organizacijo prevoza in super dru\u017ebo in ZPMS za odli\u010dno izpeljan dogodek, se vidimo naslednji\u010d!<\/p>\n<p><a href=\"https:\/\/www.zpm-idrija.si\/wp-content\/uploads\/2019\/11\/konferenca.jpg\"><img loading=\"lazy\" decoding=\"async\" class=\"aligncenter size-full wp-image-1559\" src=\"https:\/\/www.zpm-idrija.si\/wp-content\/uploads\/2019\/11\/konferenca.jpg\" alt=\"\" width=\"1080\" height=\"1620\" srcset=\"https:\/\/www.zpm-idrija.si\/wp-content\/uploads\/2019\/11\/konferenca.jpg 1080w, https:\/\/www.zpm-idrija.si\/wp-content\/uploads\/2019\/11\/konferenca-200x300.jpg 200w, https:\/\/www.zpm-idrija.si\/wp-content\/uploads\/2019\/11\/konferenca-768x1152.jpg 768w, https:\/\/www.zpm-idrija.si\/wp-content\/uploads\/2019\/11\/konferenca-683x1024.jpg 683w\" sizes=\"auto, (max-width: 767px) 89vw, (max-width: 1000px) 54vw, (max-width: 1071px) 543px, 580px\" \/><\/a><\/p>\n","protected":false},"excerpt":{"rendered":"<p>V\u010deraj, v sredo 27.11.2019, je v Ljubljani potekala Konferenca ob 30. obletnici sprejetja Konvencije o otrokovih pravicah in 30. obletnici programa Otro\u0161ki parlamenti v organizaciji Zveze prijateljev mladine Slovenija. Na konferenci smo bili prisotni tudi mi in na\u0161a u\u010denka iz O\u0160 Idrija. Klju\u010dni udele\u017eenci so bili otroci od 13. do 17. leta iz vse Slovenije, &hellip; <\/p>\n<p class=\"link-more\"><a href=\"https:\/\/www.zpm-idrija.si\/?p=1558\" class=\"more-link\">Preberi ve\u010d<span class=\"screen-reader-text\"> &#8220;Konferenca ob 30. obletnici sprejetja Konvencije o otrokovih pravicah in 30. obletnici programa Otro\u0161ki parlamenti.&#8221;<\/span><\/a><\/p>\n","protected":false},"author":1,"featured_media":0,"comment_status":"open","ping_status":"open","sticky":false,"template":"","format":"standard","meta":{"footnotes":""},"categories":[1],"tags":[],"class_list":["post-1558","post","type-post","status-publish","format-standard","hentry","category-nekategorizirano"],"_links":{"self":[{"href":"https:\/\/www.zpm-idrija.si\/index.php?rest_route=\/wp\/v2\/posts\/1558","targetHints":{"allow":["GET"]}}],"collection":[{"href":"https:\/\/www.zpm-idrija.si\/index.php?rest_route=\/wp\/v2\/posts"}],"about":[{"href":"https:\/\/www.zpm-idrija.si\/index.php?rest_route=\/wp\/v2\/types\/post"}],"author":[{"embeddable":true,"href":"https:\/\/www.zpm-idrija.si\/index.php?rest_route=\/wp\/v2\/users\/1"}],"replies":[{"embeddable":true,"href":"https:\/\/www.zpm-idrija.si\/index.php?rest_route=%2Fwp%2Fv2%2Fcomments&post=1558"}],"version-history":[{"count":2,"href":"https:\/\/www.zpm-idrija.si\/index.php?rest_route=\/wp\/v2\/posts\/1558\/revisions"}],"predecessor-version":[{"id":1561,"href":"https:\/\/www.zpm-idrija.si\/index.php?rest_route=\/wp\/v2\/posts\/1558\/revisions\/1561"}],"wp:attachment":[{"href":"https:\/\/www.zpm-idrija.si\/index.php?rest_route=%2Fwp%2Fv2%2Fmedia&parent=1558"}],"wp:term":[{"taxonomy":"category","embeddable":true,"href":"https:\/\/www.zpm-idrija.si\/index.php?rest_route=%2Fwp%2Fv2%2Fcategories&post=1558"},{"taxonomy":"post_tag","embeddable":true,"href":"https:\/\/www.zpm-idrija.si\/index.php?rest_route=%2Fwp%2Fv2%2Ftags&post=1558"}],"curies":[{"name":"wp","href":"https:\/\/api.w.org\/{rel}","templated":true}]}}