{"id":1551,"date":"2019-11-22T12:17:44","date_gmt":"2019-11-22T11:17:44","guid":{"rendered":"http:\/\/www.zpm-idrija.si\/?p=1551"},"modified":"2019-11-22T12:17:44","modified_gmt":"2019-11-22T11:17:44","slug":"veseli-december-2019","status":"publish","type":"post","link":"https:\/\/www.zpm-idrija.si\/?p=1551","title":{"rendered":"Veseli december 2019"},"content":{"rendered":"<p>\u010ceprav nas do decembra lo\u010di \u0161e dober teden dni, se prazni\u010dno dogajanje \u017ee pri\u010denja! <span class=\"_5mfr\"><span class=\"_6qdm\">?<\/span><\/span><br \/>\nCeloten program je \u017ee objavljen na na\u0161i spletni strani, prav tako ga bodo otroci dobili v \u0161olah in vrtcih. Da pa zagotovo ne boste zamudili nobenega od dogodkov, bomo tedensko dogajanje vsak petek objavili tudi na na\u0161em FB profilu.<\/p>\n<p><span class=\"_5mfr\"><span class=\"_6qdm\"><a href=\"https:\/\/www.zpm-idrija.si\/wp-content\/uploads\/2019\/11\/Veseli-december-2019-1.-teden.jpg\"><img loading=\"lazy\" decoding=\"async\" class=\"aligncenter size-full wp-image-1552\" src=\"https:\/\/www.zpm-idrija.si\/wp-content\/uploads\/2019\/11\/Veseli-december-2019-1.-teden.jpg\" alt=\"\" width=\"1396\" height=\"1562\" srcset=\"https:\/\/www.zpm-idrija.si\/wp-content\/uploads\/2019\/11\/Veseli-december-2019-1.-teden.jpg 1396w, https:\/\/www.zpm-idrija.si\/wp-content\/uploads\/2019\/11\/Veseli-december-2019-1.-teden-268x300.jpg 268w, https:\/\/www.zpm-idrija.si\/wp-content\/uploads\/2019\/11\/Veseli-december-2019-1.-teden-768x859.jpg 768w, https:\/\/www.zpm-idrija.si\/wp-content\/uploads\/2019\/11\/Veseli-december-2019-1.-teden-915x1024.jpg 915w\" sizes=\"auto, (max-width: 767px) 89vw, (max-width: 1000px) 54vw, (max-width: 1071px) 543px, 580px\" \/><\/a><\/span><\/span><\/p>\n<p>&nbsp;<\/p>\n","protected":false},"excerpt":{"rendered":"<p>\u010ceprav nas do decembra lo\u010di \u0161e dober teden dni, se prazni\u010dno dogajanje \u017ee pri\u010denja! ? Celoten program je \u017ee objavljen na na\u0161i spletni strani, prav tako ga bodo otroci dobili v \u0161olah in vrtcih. Da pa zagotovo ne boste zamudili nobenega od dogodkov, bomo tedensko dogajanje vsak petek objavili tudi na na\u0161em FB profilu. &nbsp;<\/p>\n","protected":false},"author":1,"featured_media":0,"comment_status":"open","ping_status":"open","sticky":false,"template":"","format":"standard","meta":{"footnotes":""},"categories":[1],"tags":[],"class_list":["post-1551","post","type-post","status-publish","format-standard","hentry","category-nekategorizirano"],"_links":{"self":[{"href":"https:\/\/www.zpm-idrija.si\/index.php?rest_route=\/wp\/v2\/posts\/1551","targetHints":{"allow":["GET"]}}],"collection":[{"href":"https:\/\/www.zpm-idrija.si\/index.php?rest_route=\/wp\/v2\/posts"}],"about":[{"href":"https:\/\/www.zpm-idrija.si\/index.php?rest_route=\/wp\/v2\/types\/post"}],"author":[{"embeddable":true,"href":"https:\/\/www.zpm-idrija.si\/index.php?rest_route=\/wp\/v2\/users\/1"}],"replies":[{"embeddable":true,"href":"https:\/\/www.zpm-idrija.si\/index.php?rest_route=%2Fwp%2Fv2%2Fcomments&post=1551"}],"version-history":[{"count":1,"href":"https:\/\/www.zpm-idrija.si\/index.php?rest_route=\/wp\/v2\/posts\/1551\/revisions"}],"predecessor-version":[{"id":1553,"href":"https:\/\/www.zpm-idrija.si\/index.php?rest_route=\/wp\/v2\/posts\/1551\/revisions\/1553"}],"wp:attachment":[{"href":"https:\/\/www.zpm-idrija.si\/index.php?rest_route=%2Fwp%2Fv2%2Fmedia&parent=1551"}],"wp:term":[{"taxonomy":"category","embeddable":true,"href":"https:\/\/www.zpm-idrija.si\/index.php?rest_route=%2Fwp%2Fv2%2Fcategories&post=1551"},{"taxonomy":"post_tag","embeddable":true,"href":"https:\/\/www.zpm-idrija.si\/index.php?rest_route=%2Fwp%2Fv2%2Ftags&post=1551"}],"curies":[{"name":"wp","href":"https:\/\/api.w.org\/{rel}","templated":true}]}}