{"id":1500,"date":"2019-10-30T15:41:43","date_gmt":"2019-10-30T14:41:43","guid":{"rendered":"http:\/\/www.zpm-idrija.si\/?p=1500"},"modified":"2019-10-30T15:47:22","modified_gmt":"2019-10-30T14:47:22","slug":"kako-smo-se-imeli-med-jesenskimi-pocitnicami","status":"publish","type":"post","link":"https:\/\/www.zpm-idrija.si\/?p=1500","title":{"rendered":"Kako smo se imeli med jesenskimi po\u010ditnicami"},"content":{"rendered":"<p>Po\u010ditnic na sre\u010do \u0161e ni konec, zaklju\u010dili smo le po\u010ditni\u0161ki program Zveze prijateljev mladine Idrija.<\/p>\n<p>V ponedeljek smo obiskali Kendov dvorec v Spodnji Idriji. Najprej smo se z vodjo Heleno Pregelj Tu\u0161ar sprehodili po prostorih dvorca in se v vsakem za trenutek ustavili, se podu\u010dili o zgodovini stavbe in dru\u017eine Kenda, ki je tam neko\u010d \u017eivela. Na\u0161 zadnji in glavni prostor, ki smo ga obiskali je bila kuhinja, kjer nas je \u017ee \u010dakal kuhar Klavdij Pirih. Klavdij in Helena sta nam nadela obvezno kuharsko opremo &#8211; klobuk in predpasnik in na\u0161a kuharska dogodiv\u0161\u010dina se je za\u010dela.\u00a0 Zamesili smo testo za jabol\u010dno pito in testo za knedelj\u010dke ter pripravili oba potrebna nadeva. Nadev iz suhega sadja za knedelj\u010dke in jabol\u010dni nadev za pito. Na\u0161e pridne rokice so hitro postorile vse potrebno in \u017ee je bila pita v pe\u010dici, knedelj\u010dki pa v vreli vodi. Pripravili smo pribor in \u017ee smo se sladkali s slastnimi dobrotami. Na koncu smo \u0161e pospravili posodo in se zadovoljni s polnimi trebu\u0161\u010dki odpravili domov.<\/p>\n<p>Hotelu Kendov dvorec, Heleni in Klavdiju se iskreno zahvaljujemo za odli\u010dno organizirano kuharsko delavnico!<\/p>\n<p>Po\u010ditni\u0161ki torek je bil \u0161portno obarvan in namenjen plezanju. V \u0161portnem centru v Idriji smo se zbrali v dveh skupinah. Najprej smo se dobro ogreli, razmigali vse sklepe in \u017ee je bil \u010das za plezanje. Na ni\u017eji plezalni steni smo najprej iskali kovan\u010dek, nato pa smo opremljeni s pravo plezalno opremo zagrizli v visoko plezalno steno. Na voljo smo imeli tri razli\u010dne smeri. Za varno in kakovostno izvedbo plezanja se zahvaljujemo Janji Gro\u0161elj, Simoni Bevk, Moniki Lapajne in Petri Likar.<\/p>\n<p>V sredo smo se odpravili na izlet v Ljubljano. Obiskali smo RTV Slovenija kjer nas je prijazno sprejela Monika Rijavec. Obiskali smo virtualni studio, studio za snemanje poro\u010dil, vremena in \u0161porta, veliki studio v katerem snemajo oddajo Joker, Male sive celice, Firbcologe in druge oddaje. Ravno med na\u0161im obiskom je potekalo snemanje oddaje Dobro jutro in Po\u010ditni\u0161ki krompir, zato smo potek snemanja lahko v \u017eivo opazovali iz zakulisja. Sprehodili smo se \u0161e skozi delavnico za pripravo scene, ter ogled zaklju\u010dili v prostorih za masko, kjer vse nastopajo\u010de nali\u010dijo. Vsakega od nas so pred odhodom obdarili \u0161e z revijo Navihane igrarije. Pred odhodom na avtobus smo se sprehodili \u0161e po starem mestnem jedru Ljubljane.<\/p>\n<p>Moniki Rijavec se lepo zahvaljujemo za odli\u010dno voden ogled po prostorih RTV-ja!<\/p>\n<p>Foto po\u010ditni\u0161ke utrinke si oglejte spodaj.<\/p>\n<p><a href=\"https:\/\/www.zpm-idrija.si\/wp-content\/uploads\/2019\/10\/DSC_0676.jpg\"><img loading=\"lazy\" decoding=\"async\" class=\"aligncenter size-full wp-image-1501\" src=\"https:\/\/www.zpm-idrija.si\/wp-content\/uploads\/2019\/10\/DSC_0676.jpg\" alt=\"\" width=\"6000\" height=\"4000\" srcset=\"https:\/\/www.zpm-idrija.si\/wp-content\/uploads\/2019\/10\/DSC_0676.jpg 6000w, https:\/\/www.zpm-idrija.si\/wp-content\/uploads\/2019\/10\/DSC_0676-300x200.jpg 300w, https:\/\/www.zpm-idrija.si\/wp-content\/uploads\/2019\/10\/DSC_0676-768x512.jpg 768w, https:\/\/www.zpm-idrija.si\/wp-content\/uploads\/2019\/10\/DSC_0676-1024x683.jpg 1024w\" sizes=\"auto, (max-width: 767px) 89vw, (max-width: 1000px) 54vw, (max-width: 1071px) 543px, 580px\" \/><\/a><\/p>\n<p><a href=\"https:\/\/www.zpm-idrija.si\/wp-content\/uploads\/2019\/10\/DSC_0688.jpg\"><img loading=\"lazy\" decoding=\"async\" class=\"aligncenter size-full wp-image-1502\" src=\"https:\/\/www.zpm-idrija.si\/wp-content\/uploads\/2019\/10\/DSC_0688.jpg\" alt=\"\" width=\"6000\" height=\"4000\" srcset=\"https:\/\/www.zpm-idrija.si\/wp-content\/uploads\/2019\/10\/DSC_0688.jpg 6000w, https:\/\/www.zpm-idrija.si\/wp-content\/uploads\/2019\/10\/DSC_0688-300x200.jpg 300w, https:\/\/www.zpm-idrija.si\/wp-content\/uploads\/2019\/10\/DSC_0688-768x512.jpg 768w, https:\/\/www.zpm-idrija.si\/wp-content\/uploads\/2019\/10\/DSC_0688-1024x683.jpg 1024w\" sizes=\"auto, (max-width: 767px) 89vw, (max-width: 1000px) 54vw, (max-width: 1071px) 543px, 580px\" \/><\/a><\/p>\n<p><a href=\"https:\/\/www.zpm-idrija.si\/wp-content\/uploads\/2019\/10\/DSC_0691.jpg\"><img loading=\"lazy\" decoding=\"async\" class=\"aligncenter size-full wp-image-1503\" src=\"https:\/\/www.zpm-idrija.si\/wp-content\/uploads\/2019\/10\/DSC_0691.jpg\" alt=\"\" width=\"6000\" height=\"4000\" srcset=\"https:\/\/www.zpm-idrija.si\/wp-content\/uploads\/2019\/10\/DSC_0691.jpg 6000w, https:\/\/www.zpm-idrija.si\/wp-content\/uploads\/2019\/10\/DSC_0691-300x200.jpg 300w, https:\/\/www.zpm-idrija.si\/wp-content\/uploads\/2019\/10\/DSC_0691-768x512.jpg 768w, https:\/\/www.zpm-idrija.si\/wp-content\/uploads\/2019\/10\/DSC_0691-1024x683.jpg 1024w\" sizes=\"auto, (max-width: 767px) 89vw, (max-width: 1000px) 54vw, (max-width: 1071px) 543px, 580px\" \/><\/a><\/p>\n<p><a href=\"https:\/\/www.zpm-idrija.si\/wp-content\/uploads\/2019\/10\/DSC_0698.jpg\"><img loading=\"lazy\" decoding=\"async\" class=\"aligncenter size-full wp-image-1504\" src=\"https:\/\/www.zpm-idrija.si\/wp-content\/uploads\/2019\/10\/DSC_0698.jpg\" alt=\"\" width=\"6000\" height=\"4000\" srcset=\"https:\/\/www.zpm-idrija.si\/wp-content\/uploads\/2019\/10\/DSC_0698.jpg 6000w, https:\/\/www.zpm-idrija.si\/wp-content\/uploads\/2019\/10\/DSC_0698-300x200.jpg 300w, https:\/\/www.zpm-idrija.si\/wp-content\/uploads\/2019\/10\/DSC_0698-768x512.jpg 768w, https:\/\/www.zpm-idrija.si\/wp-content\/uploads\/2019\/10\/DSC_0698-1024x683.jpg 1024w\" sizes=\"auto, (max-width: 767px) 89vw, (max-width: 1000px) 54vw, (max-width: 1071px) 543px, 580px\" \/><\/a><\/p>\n<p><a href=\"https:\/\/www.zpm-idrija.si\/wp-content\/uploads\/2019\/10\/DSC_0703.jpg\"><img loading=\"lazy\" decoding=\"async\" class=\"aligncenter size-full wp-image-1505\" src=\"https:\/\/www.zpm-idrija.si\/wp-content\/uploads\/2019\/10\/DSC_0703.jpg\" alt=\"\" width=\"4000\" height=\"6000\" srcset=\"https:\/\/www.zpm-idrija.si\/wp-content\/uploads\/2019\/10\/DSC_0703.jpg 4000w, https:\/\/www.zpm-idrija.si\/wp-content\/uploads\/2019\/10\/DSC_0703-200x300.jpg 200w, https:\/\/www.zpm-idrija.si\/wp-content\/uploads\/2019\/10\/DSC_0703-768x1152.jpg 768w, https:\/\/www.zpm-idrija.si\/wp-content\/uploads\/2019\/10\/DSC_0703-683x1024.jpg 683w\" sizes=\"auto, (max-width: 767px) 89vw, (max-width: 1000px) 54vw, (max-width: 1071px) 543px, 580px\" \/><\/a><\/p>\n<p><a href=\"https:\/\/www.zpm-idrija.si\/wp-content\/uploads\/2019\/10\/DSC_0708.jpg\"><img loading=\"lazy\" decoding=\"async\" class=\"aligncenter size-full wp-image-1506\" src=\"https:\/\/www.zpm-idrija.si\/wp-content\/uploads\/2019\/10\/DSC_0708.jpg\" alt=\"\" width=\"6000\" height=\"4000\" srcset=\"https:\/\/www.zpm-idrija.si\/wp-content\/uploads\/2019\/10\/DSC_0708.jpg 6000w, https:\/\/www.zpm-idrija.si\/wp-content\/uploads\/2019\/10\/DSC_0708-300x200.jpg 300w, https:\/\/www.zpm-idrija.si\/wp-content\/uploads\/2019\/10\/DSC_0708-768x512.jpg 768w, https:\/\/www.zpm-idrija.si\/wp-content\/uploads\/2019\/10\/DSC_0708-1024x683.jpg 1024w\" sizes=\"auto, (max-width: 767px) 89vw, (max-width: 1000px) 54vw, (max-width: 1071px) 543px, 580px\" \/><\/a><\/p>\n<p><a href=\"https:\/\/www.zpm-idrija.si\/wp-content\/uploads\/2019\/10\/DSC_0720.jpg\"><img loading=\"lazy\" decoding=\"async\" class=\"aligncenter size-full wp-image-1507\" src=\"https:\/\/www.zpm-idrija.si\/wp-content\/uploads\/2019\/10\/DSC_0720.jpg\" alt=\"\" width=\"6000\" height=\"4000\" srcset=\"https:\/\/www.zpm-idrija.si\/wp-content\/uploads\/2019\/10\/DSC_0720.jpg 6000w, https:\/\/www.zpm-idrija.si\/wp-content\/uploads\/2019\/10\/DSC_0720-300x200.jpg 300w, https:\/\/www.zpm-idrija.si\/wp-content\/uploads\/2019\/10\/DSC_0720-768x512.jpg 768w, https:\/\/www.zpm-idrija.si\/wp-content\/uploads\/2019\/10\/DSC_0720-1024x683.jpg 1024w\" sizes=\"auto, (max-width: 767px) 89vw, (max-width: 1000px) 54vw, (max-width: 1071px) 543px, 580px\" \/><\/a><\/p>\n<p><a href=\"https:\/\/www.zpm-idrija.si\/wp-content\/uploads\/2019\/10\/DSC_0727.jpg\"><img loading=\"lazy\" decoding=\"async\" class=\"aligncenter size-full wp-image-1508\" src=\"https:\/\/www.zpm-idrija.si\/wp-content\/uploads\/2019\/10\/DSC_0727.jpg\" alt=\"\" width=\"6000\" height=\"4000\" srcset=\"https:\/\/www.zpm-idrija.si\/wp-content\/uploads\/2019\/10\/DSC_0727.jpg 6000w, https:\/\/www.zpm-idrija.si\/wp-content\/uploads\/2019\/10\/DSC_0727-300x200.jpg 300w, https:\/\/www.zpm-idrija.si\/wp-content\/uploads\/2019\/10\/DSC_0727-768x512.jpg 768w, https:\/\/www.zpm-idrija.si\/wp-content\/uploads\/2019\/10\/DSC_0727-1024x683.jpg 1024w\" sizes=\"auto, (max-width: 767px) 89vw, (max-width: 1000px) 54vw, (max-width: 1071px) 543px, 580px\" \/><\/a><\/p>\n<p>&nbsp;<\/p>\n<figure id=\"attachment_1509\" aria-describedby=\"caption-attachment-1509\" style=\"width: 4608px\" class=\"wp-caption aligncenter\"><a href=\"https:\/\/www.zpm-idrija.si\/wp-content\/uploads\/2019\/10\/IMG_20191030_092542.jpg\"><img loading=\"lazy\" decoding=\"async\" class=\"size-full wp-image-1509\" src=\"https:\/\/www.zpm-idrija.si\/wp-content\/uploads\/2019\/10\/IMG_20191030_092542.jpg\" alt=\"\" width=\"4608\" height=\"3456\" srcset=\"https:\/\/www.zpm-idrija.si\/wp-content\/uploads\/2019\/10\/IMG_20191030_092542.jpg 4608w, https:\/\/www.zpm-idrija.si\/wp-content\/uploads\/2019\/10\/IMG_20191030_092542-300x225.jpg 300w, https:\/\/www.zpm-idrija.si\/wp-content\/uploads\/2019\/10\/IMG_20191030_092542-768x576.jpg 768w, https:\/\/www.zpm-idrija.si\/wp-content\/uploads\/2019\/10\/IMG_20191030_092542-1024x768.jpg 1024w\" sizes=\"auto, (max-width: 767px) 89vw, (max-width: 1000px) 54vw, (max-width: 1071px) 543px, 580px\" \/><\/a><figcaption id=\"caption-attachment-1509\" class=\"wp-caption-text\">sdr<\/figcaption><\/figure>\n<p><a href=\"https:\/\/www.zpm-idrija.si\/wp-content\/uploads\/2019\/10\/IMG_20191030_093735.jpg\"><img loading=\"lazy\" decoding=\"async\" class=\"aligncenter size-full wp-image-1510\" src=\"https:\/\/www.zpm-idrija.si\/wp-content\/uploads\/2019\/10\/IMG_20191030_093735.jpg\" alt=\"\" width=\"3648\" height=\"2736\" srcset=\"https:\/\/www.zpm-idrija.si\/wp-content\/uploads\/2019\/10\/IMG_20191030_093735.jpg 3648w, https:\/\/www.zpm-idrija.si\/wp-content\/uploads\/2019\/10\/IMG_20191030_093735-300x225.jpg 300w, https:\/\/www.zpm-idrija.si\/wp-content\/uploads\/2019\/10\/IMG_20191030_093735-768x576.jpg 768w, https:\/\/www.zpm-idrija.si\/wp-content\/uploads\/2019\/10\/IMG_20191030_093735-1024x768.jpg 1024w\" sizes=\"auto, (max-width: 767px) 89vw, (max-width: 1000px) 54vw, (max-width: 1071px) 543px, 580px\" \/><\/a><\/p>\n<p><a href=\"https:\/\/www.zpm-idrija.si\/wp-content\/uploads\/2019\/10\/IMG_20191030_102240.jpg\"><img loading=\"lazy\" decoding=\"async\" class=\"aligncenter size-full wp-image-1511\" src=\"https:\/\/www.zpm-idrija.si\/wp-content\/uploads\/2019\/10\/IMG_20191030_102240.jpg\" alt=\"\" width=\"3648\" height=\"2736\" srcset=\"https:\/\/www.zpm-idrija.si\/wp-content\/uploads\/2019\/10\/IMG_20191030_102240.jpg 3648w, https:\/\/www.zpm-idrija.si\/wp-content\/uploads\/2019\/10\/IMG_20191030_102240-300x225.jpg 300w, https:\/\/www.zpm-idrija.si\/wp-content\/uploads\/2019\/10\/IMG_20191030_102240-768x576.jpg 768w, https:\/\/www.zpm-idrija.si\/wp-content\/uploads\/2019\/10\/IMG_20191030_102240-1024x768.jpg 1024w\" sizes=\"auto, (max-width: 767px) 89vw, (max-width: 1000px) 54vw, (max-width: 1071px) 543px, 580px\" \/><\/a><\/p>\n<figure id=\"attachment_1512\" aria-describedby=\"caption-attachment-1512\" style=\"width: 4608px\" class=\"wp-caption aligncenter\"><a href=\"https:\/\/www.zpm-idrija.si\/wp-content\/uploads\/2019\/10\/IMG_20191030_103556.jpg\"><img loading=\"lazy\" decoding=\"async\" class=\"size-full wp-image-1512\" src=\"https:\/\/www.zpm-idrija.si\/wp-content\/uploads\/2019\/10\/IMG_20191030_103556.jpg\" alt=\"\" width=\"4608\" height=\"3456\" srcset=\"https:\/\/www.zpm-idrija.si\/wp-content\/uploads\/2019\/10\/IMG_20191030_103556.jpg 4608w, https:\/\/www.zpm-idrija.si\/wp-content\/uploads\/2019\/10\/IMG_20191030_103556-300x225.jpg 300w, https:\/\/www.zpm-idrija.si\/wp-content\/uploads\/2019\/10\/IMG_20191030_103556-768x576.jpg 768w, https:\/\/www.zpm-idrija.si\/wp-content\/uploads\/2019\/10\/IMG_20191030_103556-1024x768.jpg 1024w\" sizes=\"auto, (max-width: 767px) 89vw, (max-width: 1000px) 54vw, (max-width: 1071px) 543px, 580px\" \/><\/a><figcaption id=\"caption-attachment-1512\" class=\"wp-caption-text\">dav<\/figcaption><\/figure>\n<figure id=\"attachment_1513\" aria-describedby=\"caption-attachment-1513\" style=\"width: 4608px\" class=\"wp-caption aligncenter\"><a href=\"https:\/\/www.zpm-idrija.si\/wp-content\/uploads\/2019\/10\/IMG_20191030_112049.jpg\"><img loading=\"lazy\" decoding=\"async\" class=\"size-full wp-image-1513\" src=\"https:\/\/www.zpm-idrija.si\/wp-content\/uploads\/2019\/10\/IMG_20191030_112049.jpg\" alt=\"\" width=\"4608\" height=\"3456\" srcset=\"https:\/\/www.zpm-idrija.si\/wp-content\/uploads\/2019\/10\/IMG_20191030_112049.jpg 4608w, https:\/\/www.zpm-idrija.si\/wp-content\/uploads\/2019\/10\/IMG_20191030_112049-300x225.jpg 300w, https:\/\/www.zpm-idrija.si\/wp-content\/uploads\/2019\/10\/IMG_20191030_112049-768x576.jpg 768w, https:\/\/www.zpm-idrija.si\/wp-content\/uploads\/2019\/10\/IMG_20191030_112049-1024x768.jpg 1024w\" sizes=\"auto, (max-width: 767px) 89vw, (max-width: 1000px) 54vw, (max-width: 1071px) 543px, 580px\" \/><\/a><figcaption id=\"caption-attachment-1513\" class=\"wp-caption-text\">dav<\/figcaption><\/figure>\n<p>&nbsp;<\/p>\n","protected":false},"excerpt":{"rendered":"<p>Po\u010ditnic na sre\u010do \u0161e ni konec, zaklju\u010dili smo le po\u010ditni\u0161ki program Zveze prijateljev mladine Idrija. V ponedeljek smo obiskali Kendov dvorec v Spodnji Idriji. Najprej smo se z vodjo Heleno Pregelj Tu\u0161ar sprehodili po prostorih dvorca in se v vsakem za trenutek ustavili, se podu\u010dili o zgodovini stavbe in dru\u017eine Kenda, ki je tam neko\u010d &hellip; <\/p>\n<p class=\"link-more\"><a href=\"https:\/\/www.zpm-idrija.si\/?p=1500\" class=\"more-link\">Preberi ve\u010d<span class=\"screen-reader-text\"> &#8220;Kako smo se imeli med jesenskimi po\u010ditnicami&#8221;<\/span><\/a><\/p>\n","protected":false},"author":1,"featured_media":0,"comment_status":"open","ping_status":"open","sticky":false,"template":"","format":"standard","meta":{"footnotes":""},"categories":[1],"tags":[],"class_list":["post-1500","post","type-post","status-publish","format-standard","hentry","category-nekategorizirano"],"_links":{"self":[{"href":"https:\/\/www.zpm-idrija.si\/index.php?rest_route=\/wp\/v2\/posts\/1500","targetHints":{"allow":["GET"]}}],"collection":[{"href":"https:\/\/www.zpm-idrija.si\/index.php?rest_route=\/wp\/v2\/posts"}],"about":[{"href":"https:\/\/www.zpm-idrija.si\/index.php?rest_route=\/wp\/v2\/types\/post"}],"author":[{"embeddable":true,"href":"https:\/\/www.zpm-idrija.si\/index.php?rest_route=\/wp\/v2\/users\/1"}],"replies":[{"embeddable":true,"href":"https:\/\/www.zpm-idrija.si\/index.php?rest_route=%2Fwp%2Fv2%2Fcomments&post=1500"}],"version-history":[{"count":3,"href":"https:\/\/www.zpm-idrija.si\/index.php?rest_route=\/wp\/v2\/posts\/1500\/revisions"}],"predecessor-version":[{"id":1516,"href":"https:\/\/www.zpm-idrija.si\/index.php?rest_route=\/wp\/v2\/posts\/1500\/revisions\/1516"}],"wp:attachment":[{"href":"https:\/\/www.zpm-idrija.si\/index.php?rest_route=%2Fwp%2Fv2%2Fmedia&parent=1500"}],"wp:term":[{"taxonomy":"category","embeddable":true,"href":"https:\/\/www.zpm-idrija.si\/index.php?rest_route=%2Fwp%2Fv2%2Fcategories&post=1500"},{"taxonomy":"post_tag","embeddable":true,"href":"https:\/\/www.zpm-idrija.si\/index.php?rest_route=%2Fwp%2Fv2%2Ftags&post=1500"}],"curies":[{"name":"wp","href":"https:\/\/api.w.org\/{rel}","templated":true}]}}