{"id":1497,"date":"2019-10-25T09:47:11","date_gmt":"2019-10-25T08:47:11","guid":{"rendered":"http:\/\/www.zpm-idrija.si\/?p=1497"},"modified":"2019-10-25T10:43:43","modified_gmt":"2019-10-25T09:43:43","slug":"jesenske-pocitnice-2019","status":"publish","type":"post","link":"https:\/\/www.zpm-idrija.si\/?p=1497","title":{"rendered":"Jesenske po\u010ditnice 2019"},"content":{"rendered":"<p>Pred nami so prve po\u010ditnice v tem \u0161olskem letu.<\/p>\n<p>V <strong>ponedeljek, 28.10.<\/strong> bodo na <strong>Kendovem dvorcu<\/strong> v Spodnji Idriji potekale\u00a0<strong>KUHARSKE DELAVNICE<\/strong>. Pripravili bomo jabol\u010dno pito in knedelj\u010dke s suhim sadjem.\u00a0 Dobimo se ob <strong>10.00 pred hotelom Kendov dvorec<\/strong>. Delavnica se bo zaklju\u010dila ob <strong>12.00.\u00a0<\/strong><\/p>\n<p>V <strong>torek, 29.10.<\/strong> bomo v <strong>\u0160portnem centru v Idriji PLEZALI<\/strong>\u00a0 v dveh skupinah. <strong>Prva skupina<\/strong> bo s plezanjem za\u010dela ob <strong>9.00<\/strong> in zaklju\u010dila ob 10.30, d<strong>ruga skupina<\/strong> bo za\u010dela ob <strong>10.30<\/strong> in zaklju\u010dila ob 12.00. Otroci naj imajo s seboj \u0161olske copate.<\/p>\n<p>V <strong>sredo, 30.10.<\/strong> odhajamo v Ljubljano na <strong>OGLED RTV SLOVENIJA<\/strong>.\u00a0Zaradi velikega \u0161tevila prijav za si bomo\u00a0RTV\u00a0Slovenija ogledali v dveh skupinah. Ena skupina si bo ogledala RTV, druga skupina si bo med tem privo\u0161\u010dila malico in se sprehodila po Ljubljani. Nato se bomo zamenjali.<\/p>\n<div>Otroci naj imajo s seboj malico in v primeru slabega vremena tudi de\u017enik.<\/div>\n<div><\/div>\n<div>Odhod avtobusa iz avtobusne postaje:<\/div>\n<div>&#8211;<b>\u00a0Cerkno ob 7.05\u00a0<\/b>(s spremstvom bodo \u0161li otroci na redno avtobusno linijo)<\/div>\n<div><b>&#8211; Spodnja Idrija ob 7.20<\/b><\/div>\n<div><b>&#8211; Idrija 7.30<\/b><\/div>\n<div>Povratek nazaj v Idrijo planiramo ob 13.00, v Sp. Idrijo ob 13.10 in v Cerkno ob 13.45.<\/div>\n<div><\/div>\n","protected":false},"excerpt":{"rendered":"<p>Pred nami so prve po\u010ditnice v tem \u0161olskem letu. V ponedeljek, 28.10. bodo na Kendovem dvorcu v Spodnji Idriji potekale\u00a0KUHARSKE DELAVNICE. Pripravili bomo jabol\u010dno pito in knedelj\u010dke s suhim sadjem.\u00a0 Dobimo se ob 10.00 pred hotelom Kendov dvorec. Delavnica se bo zaklju\u010dila ob 12.00.\u00a0 V torek, 29.10. bomo v \u0160portnem centru v Idriji PLEZALI\u00a0 v &hellip; <\/p>\n<p class=\"link-more\"><a href=\"https:\/\/www.zpm-idrija.si\/?p=1497\" class=\"more-link\">Preberi ve\u010d<span class=\"screen-reader-text\"> &#8220;Jesenske po\u010ditnice 2019&#8221;<\/span><\/a><\/p>\n","protected":false},"author":1,"featured_media":0,"comment_status":"open","ping_status":"open","sticky":false,"template":"","format":"standard","meta":{"footnotes":""},"categories":[1],"tags":[],"class_list":["post-1497","post","type-post","status-publish","format-standard","hentry","category-nekategorizirano"],"_links":{"self":[{"href":"https:\/\/www.zpm-idrija.si\/index.php?rest_route=\/wp\/v2\/posts\/1497","targetHints":{"allow":["GET"]}}],"collection":[{"href":"https:\/\/www.zpm-idrija.si\/index.php?rest_route=\/wp\/v2\/posts"}],"about":[{"href":"https:\/\/www.zpm-idrija.si\/index.php?rest_route=\/wp\/v2\/types\/post"}],"author":[{"embeddable":true,"href":"https:\/\/www.zpm-idrija.si\/index.php?rest_route=\/wp\/v2\/users\/1"}],"replies":[{"embeddable":true,"href":"https:\/\/www.zpm-idrija.si\/index.php?rest_route=%2Fwp%2Fv2%2Fcomments&post=1497"}],"version-history":[{"count":2,"href":"https:\/\/www.zpm-idrija.si\/index.php?rest_route=\/wp\/v2\/posts\/1497\/revisions"}],"predecessor-version":[{"id":1499,"href":"https:\/\/www.zpm-idrija.si\/index.php?rest_route=\/wp\/v2\/posts\/1497\/revisions\/1499"}],"wp:attachment":[{"href":"https:\/\/www.zpm-idrija.si\/index.php?rest_route=%2Fwp%2Fv2%2Fmedia&parent=1497"}],"wp:term":[{"taxonomy":"category","embeddable":true,"href":"https:\/\/www.zpm-idrija.si\/index.php?rest_route=%2Fwp%2Fv2%2Fcategories&post=1497"},{"taxonomy":"post_tag","embeddable":true,"href":"https:\/\/www.zpm-idrija.si\/index.php?rest_route=%2Fwp%2Fv2%2Ftags&post=1497"}],"curies":[{"name":"wp","href":"https:\/\/api.w.org\/{rel}","templated":true}]}}